{"id":207842,"date":"2025-05-15T15:57:15","date_gmt":"2025-05-15T18:57:15","guid":{"rendered":"https:\/\/corrientesdetarde.com\/?p=207842"},"modified":"2025-05-15T15:57:17","modified_gmt":"2025-05-15T18:57:17","slug":"el-pj-se-reunira-en-medio-de-internas-y-con-el-desafio-de-unificar-una-estrategia-electoral-para-octubre","status":"publish","type":"post","link":"https:\/\/corrientesdetarde.com\/index.php\/politica\/el-pj-se-reunira-en-medio-de-internas-y-con-el-desafio-de-unificar-una-estrategia-electoral-para-octubre\/","title":{"rendered":"El PJ se reunir\u00e1 en medio de internas y con el desaf\u00edo de unificar una estrategia electoral para octubre"},"content":{"rendered":"\n<p>En medio del enfrentamiento entre Kicillof y Cristina Kirchner, el Congreso tendr\u00e1 lugar en Ferro el martes 20 de mayo. Cu\u00e1l ser\u00e1 la agenda y qu\u00e9 referentes asistir\u00e1n.<\/p>\n\n\n\n<p>Con el objetivo de reordenar su rumbo en un\u00a0escenario pol\u00edtico complejo\u00a0y marcado por las\u00a0internas, el\u00a0<strong>Partido Justicialista (PJ)<\/strong>\u00a0convoc\u00f3 oficialmente a su\u00a0<strong>Congreso Nacional<\/strong>\u00a0para el pr\u00f3ximo\u00a0<strong>martes 20 de mayo<\/strong>\u00a0en el microestadio del club\u00a0<strong>Ferrocarril Oeste<\/strong>, en la Ciudad de Buenos Aires.<\/p>\n\n\n\n<p>El encuentro ser\u00e1 encabezado por\u00a0<strong>Gildo Insfr\u00e1n<\/strong>, gobernador de Formosa y presidente del congreso partidario, y se llevar\u00e1 a cabo tras un acuerdo con\u00a0<strong>Cristina Kirchner<\/strong>, aunque la presidenta del partido\u00a0<strong>no participar\u00e1<\/strong>.<\/p>\n\n\n\n<p>La cumbre hab\u00eda sido programada inicialmente para el 25 de abril, pero fue\u00a0reprogramada por la muerte del papa Francisco.<\/p>\n\n\n\n<p>La&nbsp;<strong>agenda&nbsp;<\/strong>del Congreso Nacional del PJ incluye temas clave para el funcionamiento interno del partido: el tratamiento de la&nbsp;<strong>Comisi\u00f3n de Poderes<\/strong>, la aprobaci\u00f3n de los&nbsp;<strong>estados contables<\/strong>&nbsp;del ejercicio 2024, la intervenci\u00f3n de los distritos de&nbsp;<strong>Jujuy, Salta y Misiones<\/strong>, y un informe sobre el proceso de&nbsp;<strong>normalizaci\u00f3n del PJ en Corrientes<\/strong>. Todos estos puntos fueron definidos en una serie de&nbsp;<strong>conversaciones entre Insfr\u00e1n y Cristina<\/strong>&nbsp;para coordinar el temario.<\/p>\n\n\n\n<figure class=\"wp-block-image\"><img decoding=\"async\" src=\"https:\/\/tn.com.ar\/resizer\/v2\/la-cumbre-habia-sido-programada-inicialmente-para-el-25-de-abril-pero-fue-reprogramada-por-la-muerte-del-papa-francisco-foto-na-35LQ4RDFANBM5CFA6T3IUXIVMM.jpg?auth=312080fd833067a12bc5e8ac835010faa573ea060a4c06d24539b30ce4c94b6d&amp;width=767\" alt=\"La cumbre hab\u00eda sido programada inicialmente para el 25 de abril, pero fue reprogramada por la muerte del papa Francisco. (Foto: NA)\"\/><\/figure>\n\n\n\n<p>La reuni\u00f3n llega en un\u00a0<strong>clima de tensiones<\/strong>\u00a0dentro del peronismo,\u00a0<strong>especialmente en territorio bonaerense<\/strong>, donde persisten las disputas entre\u00a0<strong>Axel Kicillof<\/strong>\u00a0y el\u00a0<strong>kirchnerismo duro<\/strong>\u00a0por la conducci\u00f3n del espacio y la conformaci\u00f3n de listas de cara a las legislativas. S\u00ed, en cambio, se espera que haya\u00a0<strong>consenso<\/strong>\u00a0en las cr\u00edticas al\u00a0<strong>rumbo econ\u00f3mico<\/strong>\u00a0que lleva adelante el gobierno de\u00a0<strong>Javier Milei<\/strong>.<\/p>\n\n\n\n<p>Todav\u00eda&nbsp;<strong>no hay confirmaci\u00f3n<\/strong>&nbsp;sobre la asistencia de varios mandatarios provinciales peronistas: hay dudas sobre la presencia de&nbsp;<strong>Kicillof&nbsp;<\/strong>(Buenos Aires),&nbsp;<strong>Sergio Ziliotto<\/strong>&nbsp;(La Pampa),&nbsp;<strong>Ricardo Quintela<\/strong>&nbsp;(La Rioja),&nbsp;<strong>Ra\u00fal Jalil<\/strong>&nbsp;(Catamarca) y&nbsp;<strong>Osvaldo Jaldo<\/strong>&nbsp;(Tucum\u00e1n).<\/p>\n\n\n\n<p>Aunque el rol de los mandatarios es determinante en la definici\u00f3n del armado electoral, en el caso de&nbsp;<strong>Kicillof<\/strong>, su ausencia de los cargos org\u00e1nicos del PJ tras la \u00faltima renovaci\u00f3n de autoridades expone su b\u00fasqueda de construir un&nbsp;<strong>proyecto pol\u00edtico propio<\/strong>, con la mirada puesta en 2027.<\/p>\n\n\n\n<p>En el entorno del gobernador bonaerense creen que en la pelea mano a mano con Cristina Kirchner&nbsp;<strong>sali\u00f3 fortalecido&nbsp;<\/strong>y apuestan a apuntalar el Movimiento Derecho al Futuro.<\/p>\n\n\n\n<p>Si no hay negociaci\u00f3n posible dentro del PJ dan se\u00f1ales claras de&nbsp;<strong>estar dispuestos a ir por fuera<\/strong>. La b\u00fasqueda de sellos habilitados est\u00e1 en marcha. Ese es el mayor temor. Tambi\u00e9n los cuestionamientos constantes a los que lo somete La C\u00e1mpora.<\/p>\n\n\n\n<p>En ese contexto,<strong>&nbsp;Cristina<\/strong>&nbsp;<strong>intenta dar un giro en la estrategia electoral&nbsp;<\/strong>y ya empez\u00f3 a dar muestras. En su mensaje por el D\u00eda del Trabajador&nbsp;<strong>convoc\u00f3 a la unidad<\/strong>; orden\u00f3 a los legisladores bonaerenses kirchneristas acompa\u00f1ar los proyectos de suspensi\u00f3n de las PASO y del nuevo cronograma electoral promovidos por el Ejecutivo provincial, y acept\u00f3 el desdoblamiento, no sin hacer p\u00fablicas sus diferencias.<\/p>\n","protected":false},"excerpt":{"rendered":"<p>En medio del enfrentamiento entre Kicillof y Cristina Kirchner, el Congreso tendr\u00e1 lugar en Ferro el martes 20 de mayo. Cu\u00e1l ser\u00e1 la agenda y qu\u00e9 referentes asistir\u00e1n. Con el&hellip; <\/p>\n","protected":false},"author":8,"featured_media":207843,"comment_status":"closed","ping_status":"open","sticky":false,"template":"","format":"standard","meta":{"footnotes":""},"categories":[3],"tags":[],"class_list":["post-207842","post","type-post","status-publish","format-standard","has-post-thumbnail","hentry","category-politica"],"_links":{"self":[{"href":"https:\/\/corrientesdetarde.com\/index.php\/wp-json\/wp\/v2\/posts\/207842","targetHints":{"allow":["GET"]}}],"collection":[{"href":"https:\/\/corrientesdetarde.com\/index.php\/wp-json\/wp\/v2\/posts"}],"about":[{"href":"https:\/\/corrientesdetarde.com\/index.php\/wp-json\/wp\/v2\/types\/post"}],"author":[{"embeddable":true,"href":"https:\/\/corrientesdetarde.com\/index.php\/wp-json\/wp\/v2\/users\/8"}],"replies":[{"embeddable":true,"href":"https:\/\/corrientesdetarde.com\/index.php\/wp-json\/wp\/v2\/comments?post=207842"}],"version-history":[{"count":1,"href":"https:\/\/corrientesdetarde.com\/index.php\/wp-json\/wp\/v2\/posts\/207842\/revisions"}],"predecessor-version":[{"id":207844,"href":"https:\/\/corrientesdetarde.com\/index.php\/wp-json\/wp\/v2\/posts\/207842\/revisions\/207844"}],"wp:featuredmedia":[{"embeddable":true,"href":"https:\/\/corrientesdetarde.com\/index.php\/wp-json\/wp\/v2\/media\/207843"}],"wp:attachment":[{"href":"https:\/\/corrientesdetarde.com\/index.php\/wp-json\/wp\/v2\/media?parent=207842"}],"wp:term":[{"taxonomy":"category","embeddable":true,"href":"https:\/\/corrientesdetarde.com\/index.php\/wp-json\/wp\/v2\/categories?post=207842"},{"taxonomy":"post_tag","embeddable":true,"href":"https:\/\/corrientesdetarde.com\/index.php\/wp-json\/wp\/v2\/tags?post=207842"}],"curies":[{"name":"wp","href":"https:\/\/api.w.org\/{rel}","templated":true}]}}