{"id":208024,"date":"2025-05-17T00:59:12","date_gmt":"2025-05-17T03:59:12","guid":{"rendered":"https:\/\/corrientesdetarde.com\/?p=208024"},"modified":"2025-05-17T07:35:42","modified_gmt":"2025-05-17T10:35:42","slug":"un-delincuente-violento-un-kiosco-de-corrientes","status":"publish","type":"post","link":"https:\/\/corrientesdetarde.com\/index.php\/policiales\/un-delincuente-violento-un-kiosco-de-corrientes\/","title":{"rendered":"Un delincuente violent\u00f3 un kiosco de Corrientes"},"content":{"rendered":"\n<p>Ocurri\u00f3 en la madrugada de este viernes.<\/p>\n\n\n\n<p>Un hombre violent\u00f3 un conocido quiosco de Corrientes en la madrugada de este viernes. Sucedi\u00f3 en el comercio que est\u00e1 ubicado sobre el barrio Fray de la Quintana.<\/p>\n\n\n\n<p>Al rededor de las 1:30, un hombre con claras intenciones delictivas quiso robar una caja de chocolates&nbsp;&nbsp;Sin embargo, al no poder alcanzar la caja, y en presencia del vendedor, procedi\u00f3 a romper la ventanilla del comercio, forcej\u00f3 la puerta&nbsp;y hasta destruy\u00f3&nbsp;una heladera.<\/p>\n\n\n<div class=\"wp-block-image\">\n<figure class=\"aligncenter\"><img decoding=\"async\" src=\"https:\/\/pxcdn.ellitoral.com.ar\/litoral\/052025\/1747401549525\/WhatsApp%20Image%202025-05-16%20at%2010.14.42%20AM.jpeg?cw=446\" alt=\"Un delincuente violent\u00f3 un kiosco de Corrientes\" title=\"Un delincuente violent\u00f3 un kiosco de Corrientes-\"\/><\/figure>\n<\/div>\n\n\n<p>Seg\u00fan fuentes policiales, el autor&nbsp;del delito ser\u00eda alias &#8220;Kiki&#8221;<\/p>\n","protected":false},"excerpt":{"rendered":"<p>Ocurri\u00f3 en la madrugada de este viernes. Un hombre violent\u00f3 un conocido quiosco de Corrientes en la madrugada de este viernes. Sucedi\u00f3 en el comercio que est\u00e1 ubicado sobre el&hellip; <\/p>\n","protected":false},"author":4,"featured_media":208082,"comment_status":"closed","ping_status":"open","sticky":false,"template":"","format":"standard","meta":{"footnotes":""},"categories":[33],"tags":[],"class_list":["post-208024","post","type-post","status-publish","format-standard","has-post-thumbnail","hentry","category-policiales"],"_links":{"self":[{"href":"https:\/\/corrientesdetarde.com\/index.php\/wp-json\/wp\/v2\/posts\/208024","targetHints":{"allow":["GET"]}}],"collection":[{"href":"https:\/\/corrientesdetarde.com\/index.php\/wp-json\/wp\/v2\/posts"}],"about":[{"href":"https:\/\/corrientesdetarde.com\/index.php\/wp-json\/wp\/v2\/types\/post"}],"author":[{"embeddable":true,"href":"https:\/\/corrientesdetarde.com\/index.php\/wp-json\/wp\/v2\/users\/4"}],"replies":[{"embeddable":true,"href":"https:\/\/corrientesdetarde.com\/index.php\/wp-json\/wp\/v2\/comments?post=208024"}],"version-history":[{"count":2,"href":"https:\/\/corrientesdetarde.com\/index.php\/wp-json\/wp\/v2\/posts\/208024\/revisions"}],"predecessor-version":[{"id":208084,"href":"https:\/\/corrientesdetarde.com\/index.php\/wp-json\/wp\/v2\/posts\/208024\/revisions\/208084"}],"wp:featuredmedia":[{"embeddable":true,"href":"https:\/\/corrientesdetarde.com\/index.php\/wp-json\/wp\/v2\/media\/208082"}],"wp:attachment":[{"href":"https:\/\/corrientesdetarde.com\/index.php\/wp-json\/wp\/v2\/media?parent=208024"}],"wp:term":[{"taxonomy":"category","embeddable":true,"href":"https:\/\/corrientesdetarde.com\/index.php\/wp-json\/wp\/v2\/categories?post=208024"},{"taxonomy":"post_tag","embeddable":true,"href":"https:\/\/corrientesdetarde.com\/index.php\/wp-json\/wp\/v2\/tags?post=208024"}],"curies":[{"name":"wp","href":"https:\/\/api.w.org\/{rel}","templated":true}]}}