{"id":208087,"date":"2025-05-17T10:41:49","date_gmt":"2025-05-17T13:41:49","guid":{"rendered":"https:\/\/corrientesdetarde.com\/?p=208087"},"modified":"2025-05-17T10:41:51","modified_gmt":"2025-05-17T13:41:51","slug":"incautaron-varias-armas-en-allanamiento-por-una-denuncia-de-amenazas","status":"publish","type":"post","link":"https:\/\/corrientesdetarde.com\/index.php\/policiales\/incautaron-varias-armas-en-allanamiento-por-una-denuncia-de-amenazas\/","title":{"rendered":"Incautaron varias armas en allanamiento por una denuncia de amenazas"},"content":{"rendered":"\n<p>Un hombre fue aprehendido en Paso de la Patria en el marco de una investigaci\u00f3n por supuestas amenazas, que deriv\u00f3 en un allanamiento y en el secuestro de varias armas, algunas de ellas r\u00e9plicas de otras de potente calibre.<br>Del allanamiento realizado en un domicilio ubicado por calles Diputado Sicardi entre Bol\u00edvar y Paso \u00a0del Rey participaron la guardia de prevenci\u00f3n de la Comisar\u00eda distrito Paso de la Patria, con la DIC y GTO de la Unidad Regional I de San Luis del Palmar.<\/p>\n\n\n\n<figure class=\"wp-block-image size-large\"><img loading=\"lazy\" decoding=\"async\" width=\"1024\" height=\"576\" src=\"https:\/\/corrientesdetarde.com\/wp-content\/uploads\/2025\/05\/image-587-1024x576.png\" alt=\"\" class=\"wp-image-208089\" srcset=\"https:\/\/corrientesdetarde.com\/wp-content\/uploads\/2025\/05\/image-587-1024x576.png 1024w, https:\/\/corrientesdetarde.com\/wp-content\/uploads\/2025\/05\/image-587-300x169.png 300w, https:\/\/corrientesdetarde.com\/wp-content\/uploads\/2025\/05\/image-587-768x432.png 768w, https:\/\/corrientesdetarde.com\/wp-content\/uploads\/2025\/05\/image-587.png 1200w\" sizes=\"auto, (max-width: 1024px) 100vw, 1024px\" \/><\/figure>\n\n\n\n<p>En esa propiedad secuestraron una r\u00e9plica de pistola 9 mil\u00edmetros propulsada a gas (aire comprimido), un rifle (tambi\u00e9n aire comprimido), una botella tipo frasco con balines, 10 tubo cargadores cerrados de aire comprimido y otra r\u00e9plica de tama\u00f1o peque\u00f1o, de una pistola 9 mm. Siguiendo la orden de allanamiento se procedi\u00f3 al secuestro de los elementos de inter\u00e9s y a la demora del ciudadano Garc\u00eda M. \u00a0(mayor de edad) supuesto autor del hecho investigado.<br><\/p>\n","protected":false},"excerpt":{"rendered":"<p>Un hombre fue aprehendido en Paso de la Patria en el marco de una investigaci\u00f3n por supuestas amenazas, que deriv\u00f3 en un allanamiento y en el secuestro de varias armas,&hellip; <\/p>\n","protected":false},"author":1,"featured_media":208088,"comment_status":"closed","ping_status":"open","sticky":false,"template":"","format":"standard","meta":{"footnotes":""},"categories":[33],"tags":[],"class_list":["post-208087","post","type-post","status-publish","format-standard","has-post-thumbnail","hentry","category-policiales"],"_links":{"self":[{"href":"https:\/\/corrientesdetarde.com\/index.php\/wp-json\/wp\/v2\/posts\/208087","targetHints":{"allow":["GET"]}}],"collection":[{"href":"https:\/\/corrientesdetarde.com\/index.php\/wp-json\/wp\/v2\/posts"}],"about":[{"href":"https:\/\/corrientesdetarde.com\/index.php\/wp-json\/wp\/v2\/types\/post"}],"author":[{"embeddable":true,"href":"https:\/\/corrientesdetarde.com\/index.php\/wp-json\/wp\/v2\/users\/1"}],"replies":[{"embeddable":true,"href":"https:\/\/corrientesdetarde.com\/index.php\/wp-json\/wp\/v2\/comments?post=208087"}],"version-history":[{"count":1,"href":"https:\/\/corrientesdetarde.com\/index.php\/wp-json\/wp\/v2\/posts\/208087\/revisions"}],"predecessor-version":[{"id":208090,"href":"https:\/\/corrientesdetarde.com\/index.php\/wp-json\/wp\/v2\/posts\/208087\/revisions\/208090"}],"wp:featuredmedia":[{"embeddable":true,"href":"https:\/\/corrientesdetarde.com\/index.php\/wp-json\/wp\/v2\/media\/208088"}],"wp:attachment":[{"href":"https:\/\/corrientesdetarde.com\/index.php\/wp-json\/wp\/v2\/media?parent=208087"}],"wp:term":[{"taxonomy":"category","embeddable":true,"href":"https:\/\/corrientesdetarde.com\/index.php\/wp-json\/wp\/v2\/categories?post=208087"},{"taxonomy":"post_tag","embeddable":true,"href":"https:\/\/corrientesdetarde.com\/index.php\/wp-json\/wp\/v2\/tags?post=208087"}],"curies":[{"name":"wp","href":"https:\/\/api.w.org\/{rel}","templated":true}]}}