{"id":208091,"date":"2025-05-17T10:43:05","date_gmt":"2025-05-17T13:43:05","guid":{"rendered":"https:\/\/corrientesdetarde.com\/?p=208091"},"modified":"2025-05-17T10:43:09","modified_gmt":"2025-05-17T13:43:09","slug":"son-1-005-personas-evacuadas-por-las-tormentas-en-buenos-aires","status":"publish","type":"post","link":"https:\/\/corrientesdetarde.com\/index.php\/sociales\/son-1-005-personas-evacuadas-por-las-tormentas-en-buenos-aires\/","title":{"rendered":"Son 1.005 personas evacuadas por las tormentas en Buenos Aires"},"content":{"rendered":"\n<p>Las fuertes tormentas que azotaron a varias localidades bonaerenses durante el viernes obligaron a evacuar a al menos 1.005 personas, seg\u00fan datos oficiales difundidos por el Gobierno de la Provincia de Buenos Aires. De acuerdo con el informe, los municipios con mayor cantidad de damnificados fueron Moreno y Salto, con 180 evacuados cada uno.<\/p>\n\n\n\n<p><\/p>\n\n\n\n<p>Sin embargo, las localidades m\u00e1s afectadas por las precipitaciones fueron Z\u00e1rate, Campana, Arrecifes y sus alrededores. Adem\u00e1s de registrarse m\u00e1s de 150 mm de agua acumulados, se confirm\u00f3 el corte total en las rutas 8 y 9 y varios accesos provinciales.<\/p>\n\n\n\n<p>En Z\u00e1rate se sufrieron los peores estragos de la tormenta. Se trata de un temporal que lleg\u00f3 con precipitaciones de m\u00e1s de 300 mil\u00edmetros de agua acumulada y donde se report\u00f3 granizo. En condiciones similares est\u00e1n las ciudades de Campana, San Antonio de Areco y parte de Exaltaci\u00f3n de la Cruz, donde sus calle quedaron bajo el agua.<\/p>\n\n\n\n<p>En el caso de Campana, el intendente Sebasti\u00e1n Abella confirm\u00f3 que la cifra de evacuados superar\u00eda las 100 personas, en medio de una comunicaci\u00f3n con A24. &#8220;Estamos complicados en la zona baja de la ciudad, particularmente en lo que es el tri\u00e1ngulo de la ruta 9 y 6&#8221;, se\u00f1al\u00f3 al afirmar que hubo una ca\u00edda de agua de 250 mm.<\/p>\n\n\n\n<p>Seg\u00fan la \u00faltima actualizaci\u00f3n del Servicio Meteorol\u00f3gico Nacional (SMN), rige una alerta de nivel rojo por el temporal en Campana, Exaltaci\u00f3n de la Cruz, San Antonio de Areco, Z\u00e1rate, General Las Heras, General Rodr\u00edguez, Luj\u00e1n, Marcos Paz, Mercedes, San Andr\u00e9s de Giles y Suipacha.<\/p>\n\n\n\n<p>Con riesgo meteorol\u00f3gico medio, se ubica una advertencia naranja en la Ciudad de Buenos Aires, el conurbano bonaerense y una amplia franja del norte y centro provincial.<\/p>\n","protected":false},"excerpt":{"rendered":"<p>Las fuertes tormentas que azotaron a varias localidades bonaerenses durante el viernes obligaron a evacuar a al menos 1.005 personas, seg\u00fan datos oficiales difundidos por el Gobierno de la Provincia&hellip; <\/p>\n","protected":false},"author":1,"featured_media":208092,"comment_status":"closed","ping_status":"open","sticky":false,"template":"","format":"standard","meta":{"footnotes":""},"categories":[29,17],"tags":[],"class_list":["post-208091","post","type-post","status-publish","format-standard","has-post-thumbnail","hentry","category-clima","category-sociales"],"_links":{"self":[{"href":"https:\/\/corrientesdetarde.com\/index.php\/wp-json\/wp\/v2\/posts\/208091","targetHints":{"allow":["GET"]}}],"collection":[{"href":"https:\/\/corrientesdetarde.com\/index.php\/wp-json\/wp\/v2\/posts"}],"about":[{"href":"https:\/\/corrientesdetarde.com\/index.php\/wp-json\/wp\/v2\/types\/post"}],"author":[{"embeddable":true,"href":"https:\/\/corrientesdetarde.com\/index.php\/wp-json\/wp\/v2\/users\/1"}],"replies":[{"embeddable":true,"href":"https:\/\/corrientesdetarde.com\/index.php\/wp-json\/wp\/v2\/comments?post=208091"}],"version-history":[{"count":1,"href":"https:\/\/corrientesdetarde.com\/index.php\/wp-json\/wp\/v2\/posts\/208091\/revisions"}],"predecessor-version":[{"id":208093,"href":"https:\/\/corrientesdetarde.com\/index.php\/wp-json\/wp\/v2\/posts\/208091\/revisions\/208093"}],"wp:featuredmedia":[{"embeddable":true,"href":"https:\/\/corrientesdetarde.com\/index.php\/wp-json\/wp\/v2\/media\/208092"}],"wp:attachment":[{"href":"https:\/\/corrientesdetarde.com\/index.php\/wp-json\/wp\/v2\/media?parent=208091"}],"wp:term":[{"taxonomy":"category","embeddable":true,"href":"https:\/\/corrientesdetarde.com\/index.php\/wp-json\/wp\/v2\/categories?post=208091"},{"taxonomy":"post_tag","embeddable":true,"href":"https:\/\/corrientesdetarde.com\/index.php\/wp-json\/wp\/v2\/tags?post=208091"}],"curies":[{"name":"wp","href":"https:\/\/api.w.org\/{rel}","templated":true}]}}