{"id":208145,"date":"2025-05-17T17:59:49","date_gmt":"2025-05-17T20:59:49","guid":{"rendered":"https:\/\/corrientesdetarde.com\/?p=208145"},"modified":"2025-05-17T18:00:01","modified_gmt":"2025-05-17T21:00:01","slug":"participacion-ciudadana-e-innovacion-ejes-de-la-semana-del-gobierno-abierto-en-corrientes-2","status":"publish","type":"post","link":"https:\/\/corrientesdetarde.com\/index.php\/destacados\/participacion-ciudadana-e-innovacion-ejes-de-la-semana-del-gobierno-abierto-en-corrientes-2\/","title":{"rendered":"Participaci\u00f3n Ciudadana e Innovaci\u00f3n, ejes de la Semana del Gobierno Abierto en Corrientes"},"content":{"rendered":"\n<p>La Municipalidad de Corrientes se suma al evento que se realiza en el marco de la Open Gov Week 2025 impulsada por la Open Government Partnership. Esta jornada que contar\u00e1 con paneles de destacados especialistas, se llevar\u00e1 adelante el 29 de mayo, de 8.30 a 12.30, en la Facultad de Ciencias Exactas y Naturales y Agrimensura.&nbsp;<\/p>\n\n\n\n<p>El pr\u00f3ximo 29 de mayo, de 8.30 a 12.30, en la Facultad de Ciencias Exactas y Naturales y Agrimensura \u2013avenida Libertad 5470- la Municipalidad de Corrientes realizar\u00e1 una jornada especial en el marco de la Semana de Gobierno Abierto con el prop\u00f3sito de promover el involucramiento multisectorial en iniciativas vinculadas a acciones del gobierno. Con entrada libre y gratuita, los ejes tem\u00e1ticos har\u00e1n referencia a &#8220;Participaci\u00f3n Ciudadana, Innovaci\u00f3n y Smart City&#8221;, con la disertaci\u00f3n de destacados especialistas.<\/p>\n\n\n\n<p>Los interesados podr\u00e1n inscribirse a trav\u00e9s del link:&nbsp;<a href=\"https:\/\/ciudaddecorrientes.gov.ar\/gobiernoabierto\" target=\"_blank\" rel=\"noreferrer noopener\">https:\/\/ciudaddecorrientes.gov.ar\/gobiernoabierto<\/a>.<\/p>\n\n\n\n<p>El secretario de Coordinaci\u00f3n de Gobierno del municipio, Hugo Calvano, coment\u00f3 que &#8220;Corrientes participa de la Semana de Gobierno Abierto que se celebra en todo el mundo con distintas actividades, charlas y experiencias que lo que buscan es promover los principios del gobierno abierto en la Ciudad y vincularnos con otros actores del sector p\u00fablico, privado y de la sociedad civil&#8221;.<\/p>\n\n\n\n<p>Y record\u00f3 que &#8220;el Gobierno Abierto lo que promueve es la transparencia, la participaci\u00f3n ciudadana, la innovaci\u00f3n, que son los pilares del equipo de la gesti\u00f3n del intendente Eduardo Tassano y que se han vuelto pr\u00e1cticas permanentes en los programas y acciones de gobierno que llevamos adelante&#8221;.<\/p>\n\n\n\n<p>En cuanto a la jornada, Calvano adelant\u00f3 que &#8220;durante toda la ma\u00f1ana habr\u00e1 distintos paneles con especialistas en buenas pr\u00e1cticas de participaci\u00f3n ciudadana, un experto en inteligencia artificial que explicar\u00e1 c\u00f3mo se aplica esto a los municipios y a las ciudades inteligentes&#8221;.&nbsp;<\/p>\n\n\n\n<p>Adem\u00e1s, cont\u00f3 que &#8220;como municipio vamos a contar nuestra experiencia y nuestro caso \u00e9xito en cuanto a nuestra incorporaci\u00f3n en la alianza internacional de gobierno abierto y c\u00f3mo logramos implementar una pol\u00edtica p\u00fablica de participaci\u00f3n abierta con la gente&#8221;.<\/p>\n\n\n\n<figure class=\"wp-block-image\"><img decoding=\"async\" src=\"https:\/\/www.lt7noticias.com\/content\/bucket\/0\/75820w790h988c.jpg.webp\" alt=\"\"\/><\/figure>\n\n\n\n<p>A modo de ejemplo, cit\u00f3 &#8220;lo hecho en pol\u00edticas ambientales, donde la gente vot\u00f3 por la arborizaci\u00f3n y el fortalecimiento de viveros; y hace poco se lanz\u00f3 la campa\u00f1a de arborizaci\u00f3n 2025 basado en la demanda ciudadana y tambi\u00e9n fortalecimos el vivero con una mayor producci\u00f3n&#8221;. En este marco, Calvano remarc\u00f3: &#8220;Tenemos una pol\u00edtica activa de consultar con la ciudadan\u00eda y poner a consideraci\u00f3n de ella las pol\u00edticas que vamos a llevar adelante y de esa manera se enriquezcan y fortalezcan&#8221;.<\/p>\n\n\n\n<h2 class=\"wp-block-heading\">JORNADA<\/h2>\n\n\n\n<p>Esta actividad convoca a actores del sector p\u00fablico y privado, instituciones acad\u00e9micas y organizaciones de la sociedad civil, con el prop\u00f3sito de promover el involucramiento multisectorial en iniciativas de Gobierno Abierto. El evento tiene como objetivos principales visibilizar las pol\u00edticas y acciones implementadas por el Municipio en esta materia, fomentar la articulaci\u00f3n interjurisdiccional con otros gobiernos locales y establecer v\u00ednculos estrat\u00e9gicos para futuras instancias de cooperaci\u00f3n t\u00e9cnica.<\/p>\n\n\n\n<p>Asimismo, se busca posicionar a la ciudad de Corrientes como un referente en modernizaci\u00f3n, sostenibilidad y participaci\u00f3n ciudadana, contribuyendo a fortalecer su identidad territorial y su proyecci\u00f3n nacional e internacional.<\/p>\n\n\n\n<p>El evento representa una oportunidad estrat\u00e9gica para que los participantes intercambien buenas pr\u00e1cticas en materia de Gobierno Abierto, establezcan alianzas interinstitucionales y accedan a conocimientos t\u00e9cnicos aplicables en sus \u00e1mbitos de acci\u00f3n. Adem\u00e1s, permite visibilizar el compromiso de cada actor con la transparencia, la innovaci\u00f3n y la participaci\u00f3n ciudadana, fortaleciendo su posicionamiento institucional.&nbsp;<\/p>\n\n\n\n<p>Tambi\u00e9n se promueve la generaci\u00f3n de proyectos colaborativos y el fortalecimiento de capacidades t\u00e9cnicas, favoreciendo la creaci\u00f3n de redes que trascienden el evento y se traducen en acciones concretas a nivel local y nacional.<\/p>\n","protected":false},"excerpt":{"rendered":"<p>La Municipalidad de Corrientes se suma al evento que se realiza en el marco de la Open Gov Week 2025 impulsada por la Open Government Partnership. Esta jornada que contar\u00e1&hellip; <\/p>\n","protected":false},"author":4,"featured_media":208146,"comment_status":"closed","ping_status":"open","sticky":false,"template":"","format":"standard","meta":{"footnotes":""},"categories":[26],"tags":[],"class_list":["post-208145","post","type-post","status-publish","format-standard","has-post-thumbnail","hentry","category-destacados"],"_links":{"self":[{"href":"https:\/\/corrientesdetarde.com\/index.php\/wp-json\/wp\/v2\/posts\/208145","targetHints":{"allow":["GET"]}}],"collection":[{"href":"https:\/\/corrientesdetarde.com\/index.php\/wp-json\/wp\/v2\/posts"}],"about":[{"href":"https:\/\/corrientesdetarde.com\/index.php\/wp-json\/wp\/v2\/types\/post"}],"author":[{"embeddable":true,"href":"https:\/\/corrientesdetarde.com\/index.php\/wp-json\/wp\/v2\/users\/4"}],"replies":[{"embeddable":true,"href":"https:\/\/corrientesdetarde.com\/index.php\/wp-json\/wp\/v2\/comments?post=208145"}],"version-history":[{"count":1,"href":"https:\/\/corrientesdetarde.com\/index.php\/wp-json\/wp\/v2\/posts\/208145\/revisions"}],"predecessor-version":[{"id":208147,"href":"https:\/\/corrientesdetarde.com\/index.php\/wp-json\/wp\/v2\/posts\/208145\/revisions\/208147"}],"wp:featuredmedia":[{"embeddable":true,"href":"https:\/\/corrientesdetarde.com\/index.php\/wp-json\/wp\/v2\/media\/208146"}],"wp:attachment":[{"href":"https:\/\/corrientesdetarde.com\/index.php\/wp-json\/wp\/v2\/media?parent=208145"}],"wp:term":[{"taxonomy":"category","embeddable":true,"href":"https:\/\/corrientesdetarde.com\/index.php\/wp-json\/wp\/v2\/categories?post=208145"},{"taxonomy":"post_tag","embeddable":true,"href":"https:\/\/corrientesdetarde.com\/index.php\/wp-json\/wp\/v2\/tags?post=208145"}],"curies":[{"name":"wp","href":"https:\/\/api.w.org\/{rel}","templated":true}]}}