{"id":208148,"date":"2025-05-17T18:20:49","date_gmt":"2025-05-17T21:20:49","guid":{"rendered":"https:\/\/corrientesdetarde.com\/?p=208148"},"modified":"2025-05-17T18:21:01","modified_gmt":"2025-05-17T21:21:01","slug":"ezequiel-romero-de-cara-a-las-elecciones-queremos-instalar-personas-nuevas-en-la-politica","status":"publish","type":"post","link":"https:\/\/corrientesdetarde.com\/index.php\/politica\/ezequiel-romero-de-cara-a-las-elecciones-queremos-instalar-personas-nuevas-en-la-politica\/","title":{"rendered":"Ezequiel Romero, de cara a las elecciones: &#8220;Queremos instalar personas nuevas en la pol\u00edtica&#8221;"},"content":{"rendered":"\n<p>El dirigente libertario habl\u00f3 sobre su proyecto en Corrientes, la necesidad de renovar la clase pol\u00edtica y sus cr\u00edticas al enfoque tradicional de los partidos.<\/p>\n\n\n\n<p>Ezequiel &#8220;Teke&#8221; Romero, referente del espacio libertario en Corrientes, dialog\u00f3 sobre su proyecci\u00f3n electoral y el trabajo que vienen desarrollando en distintos puntos de la provincia. Confirm\u00f3 que est\u00e1n avanzando con candidaturas locales y asegur\u00f3 que su objetivo es promover una renovaci\u00f3n profunda en la pol\u00edtica correntina.<\/p>\n\n\n\n<p>&#8220;Estamos trabajando por la candidatura. Tenemos nuestro espacio y estamos empezando a crecer. Salimos al interior y vemos que hay acompa\u00f1amiento&#8221;, afirm\u00f3 Romero, quien tambi\u00e9n destac\u00f3 la presentaci\u00f3n de candidatos a intendente como una forma de acercarse a la comunidad.<\/p>\n\n\n\n<p>El dirigente subray\u00f3 que su propuesta est\u00e1 centrada en una &#8220;gesta provincial&#8221; y no en nacionalizar la elecci\u00f3n: &#8220;Siempre dijimos que esperamos una fuerte impronta provincial&#8221;. En esa l\u00ednea, remarc\u00f3 que Corrientes necesita soluciones concretas: &#8220;Tenemos que redirigir el dinero de la gente y gastarlo correctamente en salud, seguridad, educaci\u00f3n. Tambi\u00e9n fomentar la inversi\u00f3n privada para que menos j\u00f3venes se vayan&#8221;.<\/p>\n\n\n\n<p>Romero cuestion\u00f3 la din\u00e1mica actual del poder pol\u00edtico en la provincia: &#8220;Veo que se discute un esquema de poder y las propuestas quedan en segundo plano. Ese no es el camino que queremos para Corrientes&#8221;.<\/p>\n\n\n\n<p>En cuanto a su visi\u00f3n para el futuro, fue tajante: &#8220;Queremos instalar personas nuevas en la pol\u00edtica. Gente id\u00f3nea que represente las ideas de la libertad. No se puede esperar un cambio por parte de los mismos de siempre&#8221;.<\/p>\n\n\n\n<p>Finalmente, convoc\u00f3 a quienes no han participado nunca en pol\u00edtica a sumarse: &#8220;Tenemos las puertas abiertas para todos los que quieran aportar. Lo que tenemos para dar es algo nuevo, un cambio real. Queremos discutir la reducci\u00f3n de ministerios no solo por ideolog\u00eda, sino para que esos recursos vayan a cosas que realmente sirvan a la sociedad&#8221;.<\/p>\n","protected":false},"excerpt":{"rendered":"<p>El dirigente libertario habl\u00f3 sobre su proyecto en Corrientes, la necesidad de renovar la clase pol\u00edtica y sus cr\u00edticas al enfoque tradicional de los partidos. Ezequiel &#8220;Teke&#8221; Romero, referente del&hellip; <\/p>\n","protected":false},"author":4,"featured_media":208149,"comment_status":"closed","ping_status":"open","sticky":false,"template":"","format":"standard","meta":{"footnotes":""},"categories":[3],"tags":[],"class_list":["post-208148","post","type-post","status-publish","format-standard","has-post-thumbnail","hentry","category-politica"],"_links":{"self":[{"href":"https:\/\/corrientesdetarde.com\/index.php\/wp-json\/wp\/v2\/posts\/208148","targetHints":{"allow":["GET"]}}],"collection":[{"href":"https:\/\/corrientesdetarde.com\/index.php\/wp-json\/wp\/v2\/posts"}],"about":[{"href":"https:\/\/corrientesdetarde.com\/index.php\/wp-json\/wp\/v2\/types\/post"}],"author":[{"embeddable":true,"href":"https:\/\/corrientesdetarde.com\/index.php\/wp-json\/wp\/v2\/users\/4"}],"replies":[{"embeddable":true,"href":"https:\/\/corrientesdetarde.com\/index.php\/wp-json\/wp\/v2\/comments?post=208148"}],"version-history":[{"count":1,"href":"https:\/\/corrientesdetarde.com\/index.php\/wp-json\/wp\/v2\/posts\/208148\/revisions"}],"predecessor-version":[{"id":208150,"href":"https:\/\/corrientesdetarde.com\/index.php\/wp-json\/wp\/v2\/posts\/208148\/revisions\/208150"}],"wp:featuredmedia":[{"embeddable":true,"href":"https:\/\/corrientesdetarde.com\/index.php\/wp-json\/wp\/v2\/media\/208149"}],"wp:attachment":[{"href":"https:\/\/corrientesdetarde.com\/index.php\/wp-json\/wp\/v2\/media?parent=208148"}],"wp:term":[{"taxonomy":"category","embeddable":true,"href":"https:\/\/corrientesdetarde.com\/index.php\/wp-json\/wp\/v2\/categories?post=208148"},{"taxonomy":"post_tag","embeddable":true,"href":"https:\/\/corrientesdetarde.com\/index.php\/wp-json\/wp\/v2\/tags?post=208148"}],"curies":[{"name":"wp","href":"https:\/\/api.w.org\/{rel}","templated":true}]}}