{"id":208174,"date":"2025-05-17T21:52:41","date_gmt":"2025-05-18T00:52:41","guid":{"rendered":"https:\/\/corrientesdetarde.com\/?p=208174"},"modified":"2025-05-17T21:52:46","modified_gmt":"2025-05-18T00:52:46","slug":"pronostican-alerta-amarilla-y-lluvias-para-este-domingo-en-corrientes","status":"publish","type":"post","link":"https:\/\/corrientesdetarde.com\/index.php\/clima\/pronostican-alerta-amarilla-y-lluvias-para-este-domingo-en-corrientes\/","title":{"rendered":"Pronostican Alerta Amarilla y lluvias para este domingo en Corrientes"},"content":{"rendered":"\n<p>El servicio oficial de meteorolog\u00eda confirm\u00f3 la llegada de un frente fr\u00edo a la regi\u00f3n, acompa\u00f1ado de lluvias y tormentas de variada intensidad. Ante esto, emiti\u00f3 un Alerta Amarilla para todo el nordeste argentino, desde la noche del sabado y la madrugada del domingo.<\/p>\n\n\n\n<p>Se espera que el frente de inestabilidad avance desde Entre R\u00edos y Santa Fe hacia el norte, por lo que no se descartan precipitaciones a partir de la noche del sabado en ciudades como Esquina, Goya, Mercedes, Curuz\u00fa Cuati\u00e1, Monte Caseros, Sauce y Mocoret\u00e1. Con el correr de las horas, ese frente de tormenta ir\u00e1 avanzando hacia el norte.<\/p>\n\n\n\n<p>Se especula que en la Ciudad de Corrientes las primeras precipitaciones puedan producirse en la madrugada del domingo, con chaparrones que pueden ser localmente fuertes en cortos periodos de tiempo. En el caso de la capital provincial, se pronostica adem\u00e1s, lluvias y loviznas para toda la ma\u00f1ana del domingo y que se podr\u00edan extender hasta la siesta.<\/p>\n\n\n\n<p>La inestabilidad ir\u00e1 avanzando durante todo el domingo, aunque se pronostica que el porcentaje de probabilidad de precipitaciones descienda para la tarde noche del domingo. No obstante, la inestabilidad permanecer\u00e1 en la regi\u00f3n, ya que se esperan lluvias para el lunes 19.&nbsp;<\/p>\n\n\n\n<p>Este fen\u00f3meno meteorol\u00f3gico vendr\u00e1 acompa\u00f1ado de un frente fr\u00edo que traera consigo alivio en las temperaturas. Con la presencia de viento del sur, se espera una m\u00e1xima de 29 grados para el s\u00e1bado, con nubosidad variable. desmejorando hacia la noche.<\/p>\n\n\n\n<p>El domingo presentar\u00e1 una temperatura m\u00ednima de entre 17 y 18 grados y una m\u00e1xima de 26, todo dentro del pron\u00f3stico de lluvias incluido para este d\u00eda. Entanto que para lunes y martes de la pr\u00f3xima semana, se pronostican m\u00ednimas de 16 grados, con m\u00e1ximas que podr\u00edan oscilar entre los 24 y los 26.<\/p>\n","protected":false},"excerpt":{"rendered":"<p>El servicio oficial de meteorolog\u00eda confirm\u00f3 la llegada de un frente fr\u00edo a la regi\u00f3n, acompa\u00f1ado de lluvias y tormentas de variada intensidad. Ante esto, emiti\u00f3 un Alerta Amarilla para&hellip; <\/p>\n","protected":false},"author":1,"featured_media":198268,"comment_status":"closed","ping_status":"open","sticky":false,"template":"","format":"standard","meta":{"footnotes":""},"categories":[29],"tags":[],"class_list":["post-208174","post","type-post","status-publish","format-standard","has-post-thumbnail","hentry","category-clima"],"_links":{"self":[{"href":"https:\/\/corrientesdetarde.com\/index.php\/wp-json\/wp\/v2\/posts\/208174","targetHints":{"allow":["GET"]}}],"collection":[{"href":"https:\/\/corrientesdetarde.com\/index.php\/wp-json\/wp\/v2\/posts"}],"about":[{"href":"https:\/\/corrientesdetarde.com\/index.php\/wp-json\/wp\/v2\/types\/post"}],"author":[{"embeddable":true,"href":"https:\/\/corrientesdetarde.com\/index.php\/wp-json\/wp\/v2\/users\/1"}],"replies":[{"embeddable":true,"href":"https:\/\/corrientesdetarde.com\/index.php\/wp-json\/wp\/v2\/comments?post=208174"}],"version-history":[{"count":1,"href":"https:\/\/corrientesdetarde.com\/index.php\/wp-json\/wp\/v2\/posts\/208174\/revisions"}],"predecessor-version":[{"id":208180,"href":"https:\/\/corrientesdetarde.com\/index.php\/wp-json\/wp\/v2\/posts\/208174\/revisions\/208180"}],"wp:featuredmedia":[{"embeddable":true,"href":"https:\/\/corrientesdetarde.com\/index.php\/wp-json\/wp\/v2\/media\/198268"}],"wp:attachment":[{"href":"https:\/\/corrientesdetarde.com\/index.php\/wp-json\/wp\/v2\/media?parent=208174"}],"wp:term":[{"taxonomy":"category","embeddable":true,"href":"https:\/\/corrientesdetarde.com\/index.php\/wp-json\/wp\/v2\/categories?post=208174"},{"taxonomy":"post_tag","embeddable":true,"href":"https:\/\/corrientesdetarde.com\/index.php\/wp-json\/wp\/v2\/tags?post=208174"}],"curies":[{"name":"wp","href":"https:\/\/api.w.org\/{rel}","templated":true}]}}