{"id":208185,"date":"2025-05-17T21:57:03","date_gmt":"2025-05-18T00:57:03","guid":{"rendered":"https:\/\/corrientesdetarde.com\/?p=208185"},"modified":"2025-05-17T21:57:07","modified_gmt":"2025-05-18T00:57:07","slug":"argentina-suspendio-las-importaciones-de-pollo-desde-brasil-por-un-brote-de-gripe-aviar","status":"publish","type":"post","link":"https:\/\/corrientesdetarde.com\/index.php\/bienestar-y-salud\/argentina-suspendio-las-importaciones-de-pollo-desde-brasil-por-un-brote-de-gripe-aviar\/","title":{"rendered":"Argentina suspendi\u00f3 las importaciones de pollo desde Brasil por un brote de gripe aviar"},"content":{"rendered":"\n<p>Ante la confirmaci\u00f3n de un brote de influenza aviar altamente pat\u00f3gena (IAAP) en una granja del estado brasile\u00f1o de Rio Grande do Sul, el Servicio Nacional de Sanidad y Calidad Agroalimentaria (SENASA) resolvi\u00f3 suspender preventivamente las importaciones de productos y subproductos av\u00edcolas procedentes de Brasil, en los que se certifique la condici\u00f3n de pa\u00eds libre de la enfermedad.<\/p>\n\n\n\n<p><\/p>\n\n\n\n<p>La decisi\u00f3n fue comunicada oficialmente como parte de las acciones para prevenir el ingreso del virus a territorio argentino.<\/p>\n\n\n\n<p>Adem\u00e1s, el organismo sanitario inst\u00f3 a los establecimientos av\u00edcolas del pa\u00eds a reforzar las medidas de bioseguridad, vigilancia y control sanitario, con el objetivo de reducir el riesgo de ingreso y diseminaci\u00f3n del virus en las granjas comerciales.<\/p>\n\n\n\n<p>El foco fue detectado en una granja de la localidad de Montenegro, a unos 620 kil\u00f3metros de la frontera con Argentina. Seg\u00fan inform\u00f3 el Ministerio de Agricultura y Ganader\u00eda de Brasil, se trata de un brote confirmado de IAAP que motiv\u00f3 la inmediata implementaci\u00f3n de un operativo de contenci\u00f3n, en el que fueron sacrificadas las 35 aves presentes en el establecimiento.<\/p>\n\n\n\n<p>Carlos F\u00e1varo, ministro de Agricultura brasile\u00f1o, indic\u00f3 que se procedi\u00f3 a la eliminaci\u00f3n total del material de riesgo, incluyendo huevos y animales no viables. &#8220;Estamos destruyendo todo para bloquear el caso antes de los 60 d\u00edas que marca el protocolo sanitario. Queremos restablecer la normalidad m\u00e1s r\u00e1pido de lo previsto&#8221;, dijo el funcionario.<\/p>\n\n\n\n<p>La Secretar\u00eda de Agricultura de Rio Grande do Sul inform\u00f3 que la zona fue aislada y que se llevar\u00e1 a cabo una investigaci\u00f3n complementaria en un radio de 10 kil\u00f3metros desde el punto de detecci\u00f3n del virus. El pa\u00eds sudamericano, que es el principal exportador mundial de carne aviar, ya comenz\u00f3 a sentir las consecuencias econ\u00f3micas del brote.<\/p>\n\n\n<div class=\"wp-block-image\">\n<figure class=\"alignleft\"><img decoding=\"async\" src=\"https:\/\/www.diarioepoca.com\/content\/bucket\/2\/1284812w380h229c.jpg.webp\" alt=\"\"\/><figcaption class=\"wp-element-caption\">CHACO, BUENOS AIRES Y NEUQU\u00c9N INFORMARON DE CASOS DE GRIPE AVIAR.<\/figcaption><\/figure>\n<\/div>\n\n\n<p><em><strong>El impacto internacional<\/strong>&nbsp;<\/em><br>China, principal destino de las exportaciones av\u00edcolas brasile\u00f1as, suspendi\u00f3 sus compras por 60 d\u00edas, siguiendo el protocolo firmado con Brasil para estos casos. En 2024, el pa\u00eds asi\u00e1tico hab\u00eda importado m\u00e1s de 562.000 toneladas de carne de pollo brasile\u00f1a, seg\u00fan la Asociaci\u00f3n Brasile\u00f1a de Prote\u00edna Animal (ABPA). La Uni\u00f3n Europea adopt\u00f3 una medida similar, aunque sin plazos confirmados.<\/p>\n\n\n\n<p>Otros pa\u00edses, como Reino Unido, Jap\u00f3n, Emiratos \u00c1rabes Unidos y Arabia Saudita, optaron por aplicar restricciones limitadas exclusivamente a productos procedentes del estado de Rio Grande do Sul. El ministro F\u00e1varo destac\u00f3 que el sistema de control brasile\u00f1o es &#8220;eficiente y confiable&#8221;, y que algunos pa\u00edses no suspendieron compras a nivel nacional por esa raz\u00f3n.<\/p>\n\n\n\n<p>En Paraguay, el Servicio Nacional de Calidad y Salud Animal (Senacsa) emiti\u00f3 una alerta sanitaria e inst\u00f3 a sus 18 regiones sanitarias, puntos fronterizos y productores av\u00edcolas a notificar de inmediato cualquier caso sospechoso de aves enfermas o muertas. El pedido fue claro: mantener una vigilancia extrema y actuar con rapidez ante cualquier indicio.<\/p>\n","protected":false},"excerpt":{"rendered":"<p>Ante la confirmaci\u00f3n de un brote de influenza aviar altamente pat\u00f3gena (IAAP) en una granja del estado brasile\u00f1o de Rio Grande do Sul, el Servicio Nacional de Sanidad y Calidad&hellip; <\/p>\n","protected":false},"author":1,"featured_media":208186,"comment_status":"closed","ping_status":"open","sticky":false,"template":"","format":"standard","meta":{"footnotes":""},"categories":[16],"tags":[],"class_list":["post-208185","post","type-post","status-publish","format-standard","has-post-thumbnail","hentry","category-bienestar-y-salud"],"_links":{"self":[{"href":"https:\/\/corrientesdetarde.com\/index.php\/wp-json\/wp\/v2\/posts\/208185","targetHints":{"allow":["GET"]}}],"collection":[{"href":"https:\/\/corrientesdetarde.com\/index.php\/wp-json\/wp\/v2\/posts"}],"about":[{"href":"https:\/\/corrientesdetarde.com\/index.php\/wp-json\/wp\/v2\/types\/post"}],"author":[{"embeddable":true,"href":"https:\/\/corrientesdetarde.com\/index.php\/wp-json\/wp\/v2\/users\/1"}],"replies":[{"embeddable":true,"href":"https:\/\/corrientesdetarde.com\/index.php\/wp-json\/wp\/v2\/comments?post=208185"}],"version-history":[{"count":1,"href":"https:\/\/corrientesdetarde.com\/index.php\/wp-json\/wp\/v2\/posts\/208185\/revisions"}],"predecessor-version":[{"id":208187,"href":"https:\/\/corrientesdetarde.com\/index.php\/wp-json\/wp\/v2\/posts\/208185\/revisions\/208187"}],"wp:featuredmedia":[{"embeddable":true,"href":"https:\/\/corrientesdetarde.com\/index.php\/wp-json\/wp\/v2\/media\/208186"}],"wp:attachment":[{"href":"https:\/\/corrientesdetarde.com\/index.php\/wp-json\/wp\/v2\/media?parent=208185"}],"wp:term":[{"taxonomy":"category","embeddable":true,"href":"https:\/\/corrientesdetarde.com\/index.php\/wp-json\/wp\/v2\/categories?post=208185"},{"taxonomy":"post_tag","embeddable":true,"href":"https:\/\/corrientesdetarde.com\/index.php\/wp-json\/wp\/v2\/tags?post=208185"}],"curies":[{"name":"wp","href":"https:\/\/api.w.org\/{rel}","templated":true}]}}