{"id":208189,"date":"2025-05-18T09:01:27","date_gmt":"2025-05-18T12:01:27","guid":{"rendered":"https:\/\/corrientesdetarde.com\/?p=208189"},"modified":"2025-05-18T09:36:08","modified_gmt":"2025-05-18T12:36:08","slug":"un-motociclista-choco-contra-un-camion-y-murio-en-el-acto","status":"publish","type":"post","link":"https:\/\/corrientesdetarde.com\/index.php\/locales\/un-motociclista-choco-contra-un-camion-y-murio-en-el-acto\/","title":{"rendered":"Un motociclista choc\u00f3 contra un cami\u00f3n y muri\u00f3 en el acto"},"content":{"rendered":"\n<p>Este viernes por la siesta se produjo un siniestro con consecuencia fatal luego de que un motociclista, oriundo de Monte Caseros, chocara contra un cami\u00f3n y falleciera en el acto, seg\u00fan inform\u00f3 la Polic\u00eda.<\/p>\n\n\n\n<p>El tr\u00e1gico hecho sucedi\u00f3 en la localidad correntina de Parada Pucheta, m\u00e1s precisamente sobre la ruta nacional N\u00b014 a la altura del kil\u00f3metro 445.&nbsp;<\/p>\n\n\n\n<p>La v\u00edctima era mayor de edad y fue identificada como C\u00e9sar Dar\u00edo Escalante, quien circulaba en una Honda 150 cc y en un momento determinado se estrell\u00f3 contra la parte trasera de un Mercedes Benz que trasladaba rollizos de madera. Su muerte se produjo al instante.&nbsp;<\/p>\n","protected":false},"excerpt":{"rendered":"<p>Este viernes por la siesta se produjo un siniestro con consecuencia fatal luego de que un motociclista, oriundo de Monte Caseros, chocara contra un cami\u00f3n y falleciera en el acto,&hellip; <\/p>\n","protected":false},"author":1,"featured_media":208193,"comment_status":"closed","ping_status":"open","sticky":false,"template":"","format":"standard","meta":{"footnotes":""},"categories":[8,33],"tags":[],"class_list":["post-208189","post","type-post","status-publish","format-standard","has-post-thumbnail","hentry","category-locales","category-policiales"],"_links":{"self":[{"href":"https:\/\/corrientesdetarde.com\/index.php\/wp-json\/wp\/v2\/posts\/208189","targetHints":{"allow":["GET"]}}],"collection":[{"href":"https:\/\/corrientesdetarde.com\/index.php\/wp-json\/wp\/v2\/posts"}],"about":[{"href":"https:\/\/corrientesdetarde.com\/index.php\/wp-json\/wp\/v2\/types\/post"}],"author":[{"embeddable":true,"href":"https:\/\/corrientesdetarde.com\/index.php\/wp-json\/wp\/v2\/users\/1"}],"replies":[{"embeddable":true,"href":"https:\/\/corrientesdetarde.com\/index.php\/wp-json\/wp\/v2\/comments?post=208189"}],"version-history":[{"count":1,"href":"https:\/\/corrientesdetarde.com\/index.php\/wp-json\/wp\/v2\/posts\/208189\/revisions"}],"predecessor-version":[{"id":208194,"href":"https:\/\/corrientesdetarde.com\/index.php\/wp-json\/wp\/v2\/posts\/208189\/revisions\/208194"}],"wp:featuredmedia":[{"embeddable":true,"href":"https:\/\/corrientesdetarde.com\/index.php\/wp-json\/wp\/v2\/media\/208193"}],"wp:attachment":[{"href":"https:\/\/corrientesdetarde.com\/index.php\/wp-json\/wp\/v2\/media?parent=208189"}],"wp:term":[{"taxonomy":"category","embeddable":true,"href":"https:\/\/corrientesdetarde.com\/index.php\/wp-json\/wp\/v2\/categories?post=208189"},{"taxonomy":"post_tag","embeddable":true,"href":"https:\/\/corrientesdetarde.com\/index.php\/wp-json\/wp\/v2\/tags?post=208189"}],"curies":[{"name":"wp","href":"https:\/\/api.w.org\/{rel}","templated":true}]}}