{"id":208190,"date":"2025-05-18T08:59:08","date_gmt":"2025-05-18T11:59:08","guid":{"rendered":"https:\/\/corrientesdetarde.com\/?p=208190"},"modified":"2025-05-18T08:59:19","modified_gmt":"2025-05-18T11:59:19","slug":"el-juzgado-de-familia-de-santa-lucia-ordeno-cesar-la-difusion-de-imagenes-de-un-nino-involucrado-en-un-caso-de-acoso-escolar","status":"publish","type":"post","link":"https:\/\/corrientesdetarde.com\/index.php\/crimen-y-justicia\/el-juzgado-de-familia-de-santa-lucia-ordeno-cesar-la-difusion-de-imagenes-de-un-nino-involucrado-en-un-caso-de-acoso-escolar\/","title":{"rendered":"El Juzgado de Familia de Santa Luc\u00eda orden\u00f3 cesar la difusi\u00f3n de im\u00e1genes de un ni\u00f1o involucrado en un caso de acoso escolar"},"content":{"rendered":"\n<p>El Juzgado de Familia de Santa Luc\u00eda, a cargo del doctor Daniel Alejandro Azcona, orden\u00f3 la prohibici\u00f3n inmediata de publicar, reproducir o difundir im\u00e1genes o datos que permitan identificar a un ni\u00f1o involucrado en un caso de acoso escolar en la localidad de Lavalle.<\/p>\n\n\n\n<p><br>La resoluci\u00f3n fue dictada en el expediente &#8220;M.C.I. s\/ Dcia. Sup. Ni\u00f1os en Riesgo (en el entorno escolar) \u2013 Lavalle&#8221; (Expte. Z16 23537\/25), luego de que la Asesor\u00eda de Menores e Incapaces de Goya alertara sobre la circulaci\u00f3n de fotograf\u00edas del rostro y cuerpo del menor. Ante esta situaci\u00f3n, y con habilitaci\u00f3n de d\u00edas y horas inh\u00e1biles, se dispuso la medida con car\u00e1cter urgente.<\/p>\n\n\n\n<p><br>El magistrado record\u00f3 que tanto la Ley Nacional N\u00b0 26.061 como el C\u00f3digo Procesal de Familia, Ni\u00f1ez y Adolescencia de Corrientes (Ley 6580) protegen especialmente los derechos a la identidad, intimidad e integridad de ni\u00f1os, ni\u00f1as y adolescentes. &#8220;La imagen y la identidad son derechos constitucionalmente reconocidos y, como tal, deben ser respetados por todos, en especial por quienes tienen la responsabilidad de informar&#8221;, sostuvo el juez en la resoluci\u00f3n.<\/p>\n\n\n\n<p><br>Asimismo, advirti\u00f3 que replicar im\u00e1genes sin verificar su origen no es un acto de informaci\u00f3n leg\u00edtimo, sino una conducta que puede revictimizar y vulnerar derechos fundamentales, contraria al inter\u00e9s superior del ni\u00f1o.<\/p>\n\n\n\n<p><br>Medidas adoptadas<\/p>\n\n\n\n<p><br>El Juzgado orden\u00f3:<br>\u2022La prohibici\u00f3n expresa de difundir im\u00e1genes o datos identificatorios del ni\u00f1o, quien deber\u00e1 ser mencionado solo por sus iniciales.<br>\u2022La publicaci\u00f3n de esta medida a trav\u00e9s de la Oficina de Prensa del Poder Judicial y su difusi\u00f3n por la Unidad Regional II de Goya.<br>\u2022La notificaci\u00f3n a la Asesor\u00eda de Menores e Incapaces interviniente y al Departamento de Protecci\u00f3n de la Ni\u00f1ez y Adolescencia (DIPNA).<br>Desde el Poder Judicial de Corrientes se insta a la comunidad, especialmente a los medios de comunicaci\u00f3n y usuarios de redes sociales, a ejercer una comunicaci\u00f3n responsable, evitando toda forma de exposici\u00f3n que pueda afectar la dignidad o el bienestar de ni\u00f1as, ni\u00f1os y adolescentes involucrados<\/p>\n","protected":false},"excerpt":{"rendered":"<p>El Juzgado de Familia de Santa Luc\u00eda, a cargo del doctor Daniel Alejandro Azcona, orden\u00f3 la prohibici\u00f3n inmediata de publicar, reproducir o difundir im\u00e1genes o datos que permitan identificar a&hellip; <\/p>\n","protected":false},"author":1,"featured_media":201865,"comment_status":"closed","ping_status":"open","sticky":false,"template":"","format":"standard","meta":{"footnotes":""},"categories":[5],"tags":[],"class_list":["post-208190","post","type-post","status-publish","format-standard","has-post-thumbnail","hentry","category-crimen-y-justicia"],"_links":{"self":[{"href":"https:\/\/corrientesdetarde.com\/index.php\/wp-json\/wp\/v2\/posts\/208190","targetHints":{"allow":["GET"]}}],"collection":[{"href":"https:\/\/corrientesdetarde.com\/index.php\/wp-json\/wp\/v2\/posts"}],"about":[{"href":"https:\/\/corrientesdetarde.com\/index.php\/wp-json\/wp\/v2\/types\/post"}],"author":[{"embeddable":true,"href":"https:\/\/corrientesdetarde.com\/index.php\/wp-json\/wp\/v2\/users\/1"}],"replies":[{"embeddable":true,"href":"https:\/\/corrientesdetarde.com\/index.php\/wp-json\/wp\/v2\/comments?post=208190"}],"version-history":[{"count":1,"href":"https:\/\/corrientesdetarde.com\/index.php\/wp-json\/wp\/v2\/posts\/208190\/revisions"}],"predecessor-version":[{"id":208192,"href":"https:\/\/corrientesdetarde.com\/index.php\/wp-json\/wp\/v2\/posts\/208190\/revisions\/208192"}],"wp:featuredmedia":[{"embeddable":true,"href":"https:\/\/corrientesdetarde.com\/index.php\/wp-json\/wp\/v2\/media\/201865"}],"wp:attachment":[{"href":"https:\/\/corrientesdetarde.com\/index.php\/wp-json\/wp\/v2\/media?parent=208190"}],"wp:term":[{"taxonomy":"category","embeddable":true,"href":"https:\/\/corrientesdetarde.com\/index.php\/wp-json\/wp\/v2\/categories?post=208190"},{"taxonomy":"post_tag","embeddable":true,"href":"https:\/\/corrientesdetarde.com\/index.php\/wp-json\/wp\/v2\/tags?post=208190"}],"curies":[{"name":"wp","href":"https:\/\/api.w.org\/{rel}","templated":true}]}}