{"id":208278,"date":"2025-05-18T21:20:00","date_gmt":"2025-05-19T00:20:00","guid":{"rendered":"https:\/\/corrientesdetarde.com\/?p=208278"},"modified":"2025-05-19T08:11:17","modified_gmt":"2025-05-19T11:11:17","slug":"karina-milei-celebro-el-triunfo-de-adorni-en-caba","status":"publish","type":"post","link":"https:\/\/corrientesdetarde.com\/index.php\/politica\/karina-milei-celebro-el-triunfo-de-adorni-en-caba\/","title":{"rendered":"Karina Milei celebr\u00f3 el triunfo de Adorni en CABA."},"content":{"rendered":"\n<p>La Secretaria General de la Presidencia se mostr\u00f3 agradecida con el electorado porte\u00f1o. La Libertad Avanza se impuso con el 30,14% de los votos.<\/p>\n\n\n\n<p>\u201cDijimos que \u00e9ramos<strong>&nbsp;los \u00fanicos capaces de ganarle al kirchnerismo.<\/strong>&nbsp;Hoy lo demostramos una vez m\u00e1s\u201d. Con esas palabras la Secretar\u00eda General de la Presidencia,&nbsp;<strong>Karina Milei<\/strong>, celebr\u00f3 el triunfo de&nbsp;<strong>Manuel Adorni&nbsp;<\/strong>y&nbsp;<strong>La Libertad Avanza&nbsp;<\/strong>en las&nbsp;elecciones legislativas de la Ciudad de Buenos Aires. El presidente&nbsp;<strong>Javier Milei&nbsp;<\/strong>hizo lo propio con una foto del<strong>&nbsp;\u201ctri\u00e1ngulo de hierro\u201d.<\/strong><\/p>\n\n\n\n<p>A trav\u00e9s de su cuenta de&nbsp;<em>X<\/em>, la hermana del primer mandatario tambi\u00e9n manifest\u00f3: \u201c<strong>Gracias a todos los porte\u00f1os por acompa\u00f1arnos en esta elecci\u00f3n<\/strong>. La Libertad Avanza\u201d. Acompa\u00f1\u00f3 el posteo con una imagen en la que se la ve junto al vocero presidencial durante el acto de cierre de campa\u00f1a.<\/p>\n\n\n\n<figure class=\"wp-block-image size-large\"><img loading=\"lazy\" decoding=\"async\" width=\"768\" height=\"1024\" src=\"https:\/\/corrientesdetarde.com\/wp-content\/uploads\/2025\/05\/image-632-768x1024.png\" alt=\"\" class=\"wp-image-208283\" srcset=\"https:\/\/corrientesdetarde.com\/wp-content\/uploads\/2025\/05\/image-632-768x1024.png 768w, https:\/\/corrientesdetarde.com\/wp-content\/uploads\/2025\/05\/image-632-225x300.png 225w, https:\/\/corrientesdetarde.com\/wp-content\/uploads\/2025\/05\/image-632.png 992w\" sizes=\"auto, (max-width: 768px) 100vw, 768px\" \/><\/figure>\n\n\n\n<p>El presidente comparti\u00f3 la misma imagen, con el mensaje \u201cVIVA LA LIBERTAD CARAJO&#8230;!!! Fin\u201d. Luego hizo un segundo tweet en el que destac\u00f3 a su entorno m\u00e1s cercano:&nbsp;<strong>\u201cEL TRI\u00c1NGULO DE HIERRO&#8230;!!! VIVA LA LIBERTAD CARAJO&#8230;!!! Fin\u201d<\/strong>, public\u00f3 en la misma red social, con una&nbsp;<em>selfie&nbsp;<\/em>en la que aparecen el&nbsp;<strong>asesor Santiago<\/strong>&nbsp;<strong>Caputo&nbsp;<\/strong>y los hermanos Milei.<\/p>\n\n\n\n<figure class=\"wp-block-image size-full\"><img loading=\"lazy\" decoding=\"async\" width=\"992\" height=\"992\" src=\"https:\/\/corrientesdetarde.com\/wp-content\/uploads\/2025\/05\/image-633.png\" alt=\"\" class=\"wp-image-208284\" srcset=\"https:\/\/corrientesdetarde.com\/wp-content\/uploads\/2025\/05\/image-633.png 992w, https:\/\/corrientesdetarde.com\/wp-content\/uploads\/2025\/05\/image-633-300x300.png 300w, https:\/\/corrientesdetarde.com\/wp-content\/uploads\/2025\/05\/image-633-150x150.png 150w, https:\/\/corrientesdetarde.com\/wp-content\/uploads\/2025\/05\/image-633-768x768.png 768w\" sizes=\"auto, (max-width: 992px) 100vw, 992px\" \/><\/figure>\n\n\n\n<p>M\u00e1s tarde, la ministra de Seguridad Patricia Bullrich se sum\u00f3 a los festejos en las redes: \u201cDijimos que quer\u00edamos llevar el cambio que estamos logrando en el pa\u00eds a la Ciudad. Hoy empezamos ese camino.&nbsp;<strong>\u00a1Giga victoria de Manuel y de todos los porte\u00f1os!<\/strong>\u201d, aport\u00f3, a tono con el lenguaje digital de Las Fuerzas del Cielo.<\/p>\n\n\n\n<figure class=\"wp-block-image\"><img decoding=\"async\" src=\"https:\/\/www.infobae.com\/resizer\/v2\/ZBBTXJJS2BHMROXPBYPXDC4WK4.jpg?auth=e7e3233ce256dca526667bbbb9d3ffee8b3fffc4b6493d07e70f95a18de33ba9&amp;smart=true&amp;width=350&amp;quality=85\" alt=\"\"\/><\/figure>\n\n\n\n<p>Con m\u00e1s del&nbsp;<strong>95% de las mesas escrutadas<\/strong>, la lista libertaria alcanz\u00f3 el 30,14% de los votos. En segundo lugar se encuentra Leandro Santoro, con el 27,34%. El PRO, que tuvo a la diputada nacional Silvia Lospennato como cabeza de lista, est\u00e1 tercero, muy lejos de los dos primeros lugares, con 15,94%<\/p>\n","protected":false},"excerpt":{"rendered":"<p>La Secretaria General de la Presidencia se mostr\u00f3 agradecida con el electorado porte\u00f1o. La Libertad Avanza se impuso con el 30,14% de los votos. \u201cDijimos que \u00e9ramos&nbsp;los \u00fanicos capaces de&hellip; <\/p>\n","protected":false},"author":6,"featured_media":208282,"comment_status":"closed","ping_status":"open","sticky":false,"template":"","format":"standard","meta":{"footnotes":""},"categories":[23,3],"tags":[],"class_list":["post-208278","post","type-post","status-publish","format-standard","has-post-thumbnail","hentry","category-actualidad","category-politica"],"_links":{"self":[{"href":"https:\/\/corrientesdetarde.com\/index.php\/wp-json\/wp\/v2\/posts\/208278","targetHints":{"allow":["GET"]}}],"collection":[{"href":"https:\/\/corrientesdetarde.com\/index.php\/wp-json\/wp\/v2\/posts"}],"about":[{"href":"https:\/\/corrientesdetarde.com\/index.php\/wp-json\/wp\/v2\/types\/post"}],"author":[{"embeddable":true,"href":"https:\/\/corrientesdetarde.com\/index.php\/wp-json\/wp\/v2\/users\/6"}],"replies":[{"embeddable":true,"href":"https:\/\/corrientesdetarde.com\/index.php\/wp-json\/wp\/v2\/comments?post=208278"}],"version-history":[{"count":2,"href":"https:\/\/corrientesdetarde.com\/index.php\/wp-json\/wp\/v2\/posts\/208278\/revisions"}],"predecessor-version":[{"id":208307,"href":"https:\/\/corrientesdetarde.com\/index.php\/wp-json\/wp\/v2\/posts\/208278\/revisions\/208307"}],"wp:featuredmedia":[{"embeddable":true,"href":"https:\/\/corrientesdetarde.com\/index.php\/wp-json\/wp\/v2\/media\/208282"}],"wp:attachment":[{"href":"https:\/\/corrientesdetarde.com\/index.php\/wp-json\/wp\/v2\/media?parent=208278"}],"wp:term":[{"taxonomy":"category","embeddable":true,"href":"https:\/\/corrientesdetarde.com\/index.php\/wp-json\/wp\/v2\/categories?post=208278"},{"taxonomy":"post_tag","embeddable":true,"href":"https:\/\/corrientesdetarde.com\/index.php\/wp-json\/wp\/v2\/tags?post=208278"}],"curies":[{"name":"wp","href":"https:\/\/api.w.org\/{rel}","templated":true}]}}