{"id":208292,"date":"2025-05-18T22:00:00","date_gmt":"2025-05-19T01:00:00","guid":{"rendered":"https:\/\/corrientesdetarde.com\/?p=208292"},"modified":"2025-05-19T08:20:11","modified_gmt":"2025-05-19T11:20:11","slug":"chaco-un-detenido-por-abuso-sexual-se-fugo-de-una-comisaria","status":"publish","type":"post","link":"https:\/\/corrientesdetarde.com\/index.php\/destacados\/chaco-un-detenido-por-abuso-sexual-se-fugo-de-una-comisaria\/","title":{"rendered":"Chaco: un detenido por abuso sexual se fug\u00f3 de una comisar\u00eda."},"content":{"rendered":"\n<h2 class=\"wp-block-heading\">Los efectivos de la Polic\u00eda del Chaco desplegaron un dispositivo de b\u00fasqueda para dar con el hombre de 31 a\u00f1os.<\/h2>\n\n\n\n<p>Desde este domingo, efectivos de la Polic\u00eda del Chaco intentan ubicar a un hombre de 31 a\u00f1os que se fug\u00f3 de una comisar\u00eda de Colonia Aborigen, en el interior de la provincia. Se trata de<strong>&nbsp;Fabio Adri\u00e1n G\u00f3mez<\/strong>, quien se encontraba alojado por una causa de abuso sexual agravado con acceso carnal.<\/p>\n\n\n\n<p>Seg\u00fan informaron fuentes oficiales, el hecho fue detectado alrededor de las 10 de la ma\u00f1ana, cuando el agente a cargo de la guardia, realizaba el traslado de los reclusos al patio. En ese momento, constat\u00f3 la ausencia del detenido G\u00f3mez, quien estaba alojado en la celda N\u00b0 1.<\/p>\n\n\n\n<p>G\u00f3mez se encontraba privado de su libertad en el marco del expediente N\u00b0 13987\/2024-2, con intervenci\u00f3n de la Fiscal\u00eda N\u00b0 4 de la ciudad de&nbsp;<strong>Presidencia Roque S\u00e1enz Pe\u00f1a.<\/strong><\/p>\n\n\n\n<p>Ante la evasi\u00f3n, se notific\u00f3 de inmediato al fiscal de turno, Dr. Marcelo Soto, quien dispuso la toma de declaraciones testimoniales al personal policial de guardia. Asimismo, se activ\u00f3 un amplio operativo de b\u00fasqueda que incluye a las comisar\u00edas de Quitilipi y Machagai, la Divisi\u00f3n Investigaciones de S\u00e1enz Pe\u00f1a y la Divisi\u00f3n COM de Quitilipi.<\/p>\n","protected":false},"excerpt":{"rendered":"<p>Los efectivos de la Polic\u00eda del Chaco desplegaron un dispositivo de b\u00fasqueda para dar con el hombre de 31 a\u00f1os. Desde este domingo, efectivos de la Polic\u00eda del Chaco intentan&hellip; <\/p>\n","protected":false},"author":6,"featured_media":208296,"comment_status":"closed","ping_status":"open","sticky":false,"template":"","format":"standard","meta":{"footnotes":""},"categories":[26,33],"tags":[],"class_list":["post-208292","post","type-post","status-publish","format-standard","has-post-thumbnail","hentry","category-destacados","category-policiales"],"_links":{"self":[{"href":"https:\/\/corrientesdetarde.com\/index.php\/wp-json\/wp\/v2\/posts\/208292","targetHints":{"allow":["GET"]}}],"collection":[{"href":"https:\/\/corrientesdetarde.com\/index.php\/wp-json\/wp\/v2\/posts"}],"about":[{"href":"https:\/\/corrientesdetarde.com\/index.php\/wp-json\/wp\/v2\/types\/post"}],"author":[{"embeddable":true,"href":"https:\/\/corrientesdetarde.com\/index.php\/wp-json\/wp\/v2\/users\/6"}],"replies":[{"embeddable":true,"href":"https:\/\/corrientesdetarde.com\/index.php\/wp-json\/wp\/v2\/comments?post=208292"}],"version-history":[{"count":1,"href":"https:\/\/corrientesdetarde.com\/index.php\/wp-json\/wp\/v2\/posts\/208292\/revisions"}],"predecessor-version":[{"id":208297,"href":"https:\/\/corrientesdetarde.com\/index.php\/wp-json\/wp\/v2\/posts\/208292\/revisions\/208297"}],"wp:featuredmedia":[{"embeddable":true,"href":"https:\/\/corrientesdetarde.com\/index.php\/wp-json\/wp\/v2\/media\/208296"}],"wp:attachment":[{"href":"https:\/\/corrientesdetarde.com\/index.php\/wp-json\/wp\/v2\/media?parent=208292"}],"wp:term":[{"taxonomy":"category","embeddable":true,"href":"https:\/\/corrientesdetarde.com\/index.php\/wp-json\/wp\/v2\/categories?post=208292"},{"taxonomy":"post_tag","embeddable":true,"href":"https:\/\/corrientesdetarde.com\/index.php\/wp-json\/wp\/v2\/tags?post=208292"}],"curies":[{"name":"wp","href":"https:\/\/api.w.org\/{rel}","templated":true}]}}