{"id":208298,"date":"2025-05-18T21:10:49","date_gmt":"2025-05-19T00:10:49","guid":{"rendered":"https:\/\/corrientesdetarde.com\/?p=208298"},"modified":"2025-05-18T21:10:50","modified_gmt":"2025-05-19T00:10:50","slug":"el-festejo-de-javier-milei-se-pinto-de-violeta-el-bastion-amarillo","status":"publish","type":"post","link":"https:\/\/corrientesdetarde.com\/index.php\/politica\/el-festejo-de-javier-milei-se-pinto-de-violeta-el-bastion-amarillo\/","title":{"rendered":"El festejo de Javier Milei: &#8220;Se pint\u00f3 de violeta el basti\u00f3n amarillo\u201d."},"content":{"rendered":"\n<h2 class=\"wp-block-heading\">El Presidente dio su discurso en el Hotel Libertador luego de conocer los resultados de la elecci\u00f3n porte\u00f1a.<\/h2>\n\n\n\n<p>Javier Milei habl\u00f3 en la sede de La Libertad Avanza tras la elecci\u00f3n de Manuel Adorni, que sali\u00f3 primero en la votaci\u00f3n como legislador porte\u00f1o de CABA con m\u00e1s del&nbsp;<strong>30% de los votos.<\/strong>&nbsp;\u201cHoy es un&nbsp;<strong>d\u00eda bisagra<\/strong>, se pint\u00f3 de violeta el basti\u00f3n amarillo\u201d, dijo el jefe de Estado.<\/p>\n\n\n\n<p>El actual vocero presidencial se impuso sobre Leandro&nbsp;<strong>Santoro<\/strong>, de Es Ahora Buenos Aires, y Silvia&nbsp;<strong>Lospennato<\/strong>, del PRO. \u201cGracias el medio mill\u00f3n de porte\u00f1os que nos votaron\u201d, expres\u00f3 el vocero presidencial luego de que hablara Milei.<\/p>\n\n\n\n<p>Adem\u00e1s, agreg\u00f3: \u201cEsta no era una elecci\u00f3n local. En esta votaci\u00f3n se eleg\u00eda entre dos modelos, el del pobrismo del kirchnerismo o la libertad. Y hoy gan\u00f3 la libertad, una vez m\u00e1s\u201d.<\/p>\n\n\n\n<p>El candidato, que asumir\u00e1 como legislador el pr\u00f3ximo 10 de diciembre, realiz\u00f3 un agradecimiento especial a Karina y Javier Milei. \u201cLe agradezco a la hacedora de los milagros y al Presidente, por su respaldo de siempre\u201d.<\/p>\n\n\n\n<h2 class=\"wp-block-heading\">El mensaje que envi\u00f3 Adorni hacia el PRO: \u201cTabula rasa, ese es el esp\u00edritu de La Libertad Avanza\u201d<\/h2>\n\n\n\n<p>Antes de terminar su discurso, Adorni le envi\u00f3 un mensaje a todos los partidos pol\u00edticos, incluido el PRO. \u201cLa gente<strong>&nbsp;tom\u00f3 una decisi\u00f3n, que el instrumento para el cambio es La Libertad Avanza\u201d,<\/strong>&nbsp;comenz\u00f3 el actual vocero.<\/p>\n\n\n\n<p>\u201cInvitamos a todos los que quieran apoyar este proyecto, un cambio en serio en el pa\u00eds, dejando de lado los ego\u00edsmos y los personalismos para sumarse a LLA\u201d, sum\u00f3 el funcionario.<\/p>\n\n\n\n<p>Sus declaraciones fueron en medio de la tensi\u00f3n que existe entre Javier Milei y el partido que dirige Mauricio Macri. \u201cTabula rasa, este es el esp\u00edritu de LLA\u201d, expres\u00f3 Adorni.<\/p>\n\n\n\n<p>\u201cTodo aquel que acompa\u00f1e nuestra agenda es bienvenido, venga de donde venga\u201d, cerr\u00f3.<\/p>\n","protected":false},"excerpt":{"rendered":"<p>El Presidente dio su discurso en el Hotel Libertador luego de conocer los resultados de la elecci\u00f3n porte\u00f1a. Javier Milei habl\u00f3 en la sede de La Libertad Avanza tras la&hellip; <\/p>\n","protected":false},"author":6,"featured_media":208302,"comment_status":"closed","ping_status":"open","sticky":false,"template":"","format":"standard","meta":{"footnotes":""},"categories":[3],"tags":[],"class_list":["post-208298","post","type-post","status-publish","format-standard","has-post-thumbnail","hentry","category-politica"],"_links":{"self":[{"href":"https:\/\/corrientesdetarde.com\/index.php\/wp-json\/wp\/v2\/posts\/208298","targetHints":{"allow":["GET"]}}],"collection":[{"href":"https:\/\/corrientesdetarde.com\/index.php\/wp-json\/wp\/v2\/posts"}],"about":[{"href":"https:\/\/corrientesdetarde.com\/index.php\/wp-json\/wp\/v2\/types\/post"}],"author":[{"embeddable":true,"href":"https:\/\/corrientesdetarde.com\/index.php\/wp-json\/wp\/v2\/users\/6"}],"replies":[{"embeddable":true,"href":"https:\/\/corrientesdetarde.com\/index.php\/wp-json\/wp\/v2\/comments?post=208298"}],"version-history":[{"count":1,"href":"https:\/\/corrientesdetarde.com\/index.php\/wp-json\/wp\/v2\/posts\/208298\/revisions"}],"predecessor-version":[{"id":208303,"href":"https:\/\/corrientesdetarde.com\/index.php\/wp-json\/wp\/v2\/posts\/208298\/revisions\/208303"}],"wp:featuredmedia":[{"embeddable":true,"href":"https:\/\/corrientesdetarde.com\/index.php\/wp-json\/wp\/v2\/media\/208302"}],"wp:attachment":[{"href":"https:\/\/corrientesdetarde.com\/index.php\/wp-json\/wp\/v2\/media?parent=208298"}],"wp:term":[{"taxonomy":"category","embeddable":true,"href":"https:\/\/corrientesdetarde.com\/index.php\/wp-json\/wp\/v2\/categories?post=208298"},{"taxonomy":"post_tag","embeddable":true,"href":"https:\/\/corrientesdetarde.com\/index.php\/wp-json\/wp\/v2\/tags?post=208298"}],"curies":[{"name":"wp","href":"https:\/\/api.w.org\/{rel}","templated":true}]}}