{"id":208315,"date":"2025-05-19T08:26:14","date_gmt":"2025-05-19T11:26:14","guid":{"rendered":"https:\/\/corrientesdetarde.com\/?p=208315"},"modified":"2025-05-19T08:26:17","modified_gmt":"2025-05-19T11:26:17","slug":"leo-corrales-se-consagro-campeon-panamericano-de-kickboxing","status":"publish","type":"post","link":"https:\/\/corrientesdetarde.com\/index.php\/deportes\/leo-corrales-se-consagro-campeon-panamericano-de-kickboxing\/","title":{"rendered":"Leo Corrales se consagr\u00f3 campe\u00f3n panamericano de kickboxing"},"content":{"rendered":"\n<p>Este s\u00e1bado a la noche se vivi\u00f3 una intensa velada de combates en el Club Juventus de la ciudad de Corrientes, en la que el local Leonardo Corrales super\u00f3 al brasilero Jackson Elitelmo. As\u00ed fue que el correntino es el nuevo campe\u00f3n Wako Pro de la modalidad Low kick (-60 kg) y el respectivo cintur\u00f3n se lo entreg\u00f3 en la ocasi\u00f3n, el gobernador Gustavo Vald\u00e9s, qui\u00e9n asisti\u00f3 al espect\u00e1culo.\u00a0<\/p>\n\n\n\n<p><\/p>\n\n\n\n<p>El evento fue organizado por la Asociaci\u00f3n Correntina de Kickboxing y Deportes de Contacto y cont\u00f3 con el auspicio y apoyo del Gobierno de Corrientes y la fiscalizaci\u00f3n nacional de la Federaci\u00f3n Argentina de Kickboxing y a nivel internacional por la Wako Pro (organizaci\u00f3n mundial de la disciplina).<\/p>\n\n\n\n<p>Leo Corrales ya sabe lo que es ser campe\u00f3n mundial en la modalidad de Full Contact (de local en mayo de 2023 contra el italiano Alessandro Pani) y atesorar numerosos logros en su dilatada carrera dentro de este arte marcial .&nbsp;<\/p>\n\n\n\n<p>En la v\u00edspera, desde la Secretar\u00eda de Deportes en el barrio Ferr\u00e9, donde dio el peso oficial y se care\u00f3 con su contendiente, hab\u00eda declarado a la prensa que \u201cme planteo d\u00eda a d\u00eda seguir creciendo y siempre voy por m\u00e1s\u201d. Y as\u00ed fue que este s\u00e1bado obtuvo el cetro panamericano en una modalidad distinta, la de &nbsp;Low Kick en la que se permiten patadas a los muslos, a diferencia de full contact en la que todos los golpes deben ser por encima de la cintura.<\/p>\n\n\n\n<p>&#8220;Me siento bendecido por buscar este t\u00edtulo en Corrientes&#8221;, vaticin\u00f3 Leo, asegurando que se prepar\u00f3 &nbsp;&#8220;muy bien&#8221; tanto en lo f\u00edsico, mental y nutricional\u201d.<\/p>\n\n\n\n<p>Ello qued\u00f3 demostrado este s\u00e1bado a la noche ante su rival brasilero, sumando as\u00ed una presea m\u00e1s a las 24 veces que sali\u00f3 campe\u00f3n nacional, 7 veces sudamericano y panamericano, campe\u00f3n mundial en Full Contact y que ahora conquist\u00f3 la gloria continental en Low Kick profesional.<\/p>\n\n\n\n<p>Por su parte, el secretario de Deportes, Jorge Terrile destac\u00f3 &#8220;la adrenalina de un gran espect\u00e1culo de nivel internacional que engalana a Corrientes&#8221;.&nbsp;<\/p>\n\n\n\n<p>La pelea co-estelar de la noche fue protagonizada por otro competidor local, Mat\u00edas Garc\u00eda, quien derrot\u00f3 a Juan Almeida de Buenos Aires, obteniendo el t\u00edtulo argentino profesional Low kick.<\/p>\n\n\n\n<p>Fue un emocionante espect\u00e1culo para los amantes del deporte de contacto, con 13 peleas protagonizadas por representantes de Corrientes, Misiones, Buenos Aires, Chaco, Santiago del Estero, Entre R\u00edos, Formosa y tambi\u00e9n del Paraguay.<\/p>\n\n\n\n<p>La culminaci\u00f3n del evento fue la coronaci\u00f3n de Leo Corrales, quien recibi\u00f3 sobre el ring su cintur\u00f3n de campe\u00f3n profesional panamericano de manos del gobernador Vald\u00e9s, junto al secretario de Deportes, Terrile.<\/p>\n\n\n\n<figure class=\"wp-block-image size-large\"><img loading=\"lazy\" decoding=\"async\" width=\"1024\" height=\"661\" src=\"https:\/\/corrientesdetarde.com\/wp-content\/uploads\/2025\/05\/image-644-1024x661.png\" alt=\"\" class=\"wp-image-208318\" srcset=\"https:\/\/corrientesdetarde.com\/wp-content\/uploads\/2025\/05\/image-644-1024x661.png 1024w, https:\/\/corrientesdetarde.com\/wp-content\/uploads\/2025\/05\/image-644-300x194.png 300w, https:\/\/corrientesdetarde.com\/wp-content\/uploads\/2025\/05\/image-644-768x496.png 768w, https:\/\/corrientesdetarde.com\/wp-content\/uploads\/2025\/05\/image-644.png 1112w\" sizes=\"auto, (max-width: 1024px) 100vw, 1024px\" \/><\/figure>\n","protected":false},"excerpt":{"rendered":"<p>Este s\u00e1bado a la noche se vivi\u00f3 una intensa velada de combates en el Club Juventus de la ciudad de Corrientes, en la que el local Leonardo Corrales super\u00f3 al&hellip; <\/p>\n","protected":false},"author":1,"featured_media":208317,"comment_status":"closed","ping_status":"open","sticky":false,"template":"","format":"standard","meta":{"footnotes":""},"categories":[4,26],"tags":[],"class_list":["post-208315","post","type-post","status-publish","format-standard","has-post-thumbnail","hentry","category-deportes","category-destacados"],"_links":{"self":[{"href":"https:\/\/corrientesdetarde.com\/index.php\/wp-json\/wp\/v2\/posts\/208315","targetHints":{"allow":["GET"]}}],"collection":[{"href":"https:\/\/corrientesdetarde.com\/index.php\/wp-json\/wp\/v2\/posts"}],"about":[{"href":"https:\/\/corrientesdetarde.com\/index.php\/wp-json\/wp\/v2\/types\/post"}],"author":[{"embeddable":true,"href":"https:\/\/corrientesdetarde.com\/index.php\/wp-json\/wp\/v2\/users\/1"}],"replies":[{"embeddable":true,"href":"https:\/\/corrientesdetarde.com\/index.php\/wp-json\/wp\/v2\/comments?post=208315"}],"version-history":[{"count":1,"href":"https:\/\/corrientesdetarde.com\/index.php\/wp-json\/wp\/v2\/posts\/208315\/revisions"}],"predecessor-version":[{"id":208319,"href":"https:\/\/corrientesdetarde.com\/index.php\/wp-json\/wp\/v2\/posts\/208315\/revisions\/208319"}],"wp:featuredmedia":[{"embeddable":true,"href":"https:\/\/corrientesdetarde.com\/index.php\/wp-json\/wp\/v2\/media\/208317"}],"wp:attachment":[{"href":"https:\/\/corrientesdetarde.com\/index.php\/wp-json\/wp\/v2\/media?parent=208315"}],"wp:term":[{"taxonomy":"category","embeddable":true,"href":"https:\/\/corrientesdetarde.com\/index.php\/wp-json\/wp\/v2\/categories?post=208315"},{"taxonomy":"post_tag","embeddable":true,"href":"https:\/\/corrientesdetarde.com\/index.php\/wp-json\/wp\/v2\/tags?post=208315"}],"curies":[{"name":"wp","href":"https:\/\/api.w.org\/{rel}","templated":true}]}}