{"id":208331,"date":"2025-05-19T09:09:09","date_gmt":"2025-05-19T12:09:09","guid":{"rendered":"https:\/\/corrientesdetarde.com\/?p=208331"},"modified":"2025-05-19T09:09:12","modified_gmt":"2025-05-19T12:09:12","slug":"efemerides-del-19-de-mayo","status":"publish","type":"post","link":"https:\/\/corrientesdetarde.com\/index.php\/informacion-general\/efemerides-del-19-de-mayo\/","title":{"rendered":"Efem\u00e9rides del 19 de mayo"},"content":{"rendered":"\n<p>Cada 19 de mayo se celebran y conmemoran fechas que marcaron un antes y un despu\u00e9s tanto en Argentina como en el mundo.<\/p>\n\n\n\n<p><strong>1925<\/strong>&nbsp;&#8211;<strong>&nbsp;NACE MALCOLM X.<\/strong>&nbsp;Nace en la ciudad de Omaha (Nebraska, EEUU) el activista de los derechos de los afroamericanos Malcolm Little. Es conocido como Malcolm X al adoptar el nombre de El-Hajj Malik El-Shabazz. Fue asesinado por pistoleros durante una reuni\u00f3n de la Organizaci\u00f3n de la Unidad Afroamericana en Nueva York en 1965.<\/p>\n\n\n\n<p><strong>1949<\/strong>&nbsp;&#8211;&nbsp;<strong>DUSTY HILL.<\/strong>&nbsp;Nace en la ciudad de Dallas (Texas, EEUU) el bajista y cantante Joe Michael \u201cDusty\u201d Hill. Fue el vocalista de la banda de blues rock ZZ Top con la que grab\u00f3 15 discos.<\/p>\n\n\n\n<p><strong>1951<\/strong>&nbsp;&#8211;&nbsp;<strong>NACE JOEY RAMONE<\/strong>. El 19 de mayo nace en la ciudad de Nueva York el m\u00fasico y cantante estadounidense Joey Ramone (Jeffrey Ross Hyman), vocalista y cofundador de la banda Ramones y una de las figuras m\u00e1s influyentes del punk-rock.<\/p>\n\n\n\n<p><strong>1962<\/strong>&nbsp;&#8211;&nbsp;<strong>NACE MAITENA.<\/strong>&nbsp;Nace en Buenos Aires la dibujante e historietista Maitena (Maitena In\u00e9s Burundarena), cuya obra fue publicada en medios gr\u00e1ficos de 30 pa\u00edses, entre ellos Brasil, Chile, M\u00e9xico, Espa\u00f1a, Francia e Italia.<\/p>\n\n\n\n<figure class=\"wp-block-image\"><img decoding=\"async\" src=\"https:\/\/billiken.lat\/wp-content\/uploads\/2025\/05\/cuerpo-9-8.jpg\" alt=\"Efem\u00e9rides 19 de mayo Maitena historieta argentina\" class=\"wp-image-109990\"\/><figcaption class=\"wp-element-caption\">Maitena.<\/figcaption><\/figure>\n\n\n\n<p><strong>1963<\/strong>&nbsp;&#8211;&nbsp;<strong>ANGEL C. ROJAS<\/strong>. Debuta en la Primera Divisi\u00f3n de Boca Juniors el delantero \u00c1ngel Clemente Rojas, uno de los \u00eddolos de los hinchas \u201cxeneizes\u201d, formado en las inferiores del club. Jug\u00f3 222 partidos y convirti\u00f3 79 goles.<\/p>\n\n\n\n<p><a href=\"https:\/\/billiken.lat\/mi-pais\/la-boca-por-que-el-emblematico-barrio-porteno-se-llama-asi\/\"><\/a><\/p>\n\n\n\n<p><strong>1972<\/strong>&nbsp;&#8211;<strong>&nbsp;FALLECE TANGUITO.&nbsp;<\/strong>A los 28 a\u00f1os de edad muere en Buenos Aires el cantautor Jos\u00e9 Alberto Iglesias, popularmente conocido como Tanguito, uno de los pioneros del rock argentino y autor de \u201cLa balsa\u201d junto a Litto Nebbia. Falleci\u00f3 al ser arrollado por un tren en la estaci\u00f3n Pac\u00edfico del barrio porte\u00f1o de Palermo.<\/p>\n\n\n\n<p><strong>1974<\/strong>&nbsp;&#8211;<strong>&nbsp;CUBO M\u00c1GICO<\/strong>. El arquitecto y dise\u00f1ador h\u00fangaro Ern\u00f6 Rubik crea el rompecabezas mec\u00e1nico cubo M\u00e1gico o cubo de Rubik con el fin de ense\u00f1ar la geometr\u00eda tridimensional a sus alumnos de la Escuela de Artes Comerciales de Budapest.<\/p>\n\n\n\n<p><strong>1978<\/strong>&nbsp;&#8211;<strong>&nbsp;SIN MUNDIAL<\/strong>. El t\u00e9cnico de la selecci\u00f3n argentina C\u00e9sar Luis Menotti saca a Diego Maradona, de 16 a\u00f1os y figura de Argentinos Juniors, de la lista de jugadores del plantel para el Mundial de 1978, que gan\u00f3 el equipo albiceleste al derrotar por 3-1 a Holanda. El primer torneo mundial de Maradona con la selecci\u00f3n argentina fue el de Espa\u00f1a 1982.<\/p>\n\n\n\n<p><a href=\"https:\/\/billiken.lat\/mi-pais\/lionel-scaloni-el-segundo-dt-mas-ganador-de-la-historia-de-la-seleccion-argentina\/\"><\/a><\/p>\n\n\n\n<p><strong>1986<\/strong>&nbsp;&#8211;&nbsp;<strong>INTENTO DE ATENTADO<\/strong>. Se frustra un atentado con explosivos contra el presidente Ra\u00fal Alfons\u00edn en la base a\u00e9rea de C\u00f3rdoba. En una alcantarilla por la que deb\u00eda pasar el autom\u00f3vil presidencial, se descubri\u00f3 un mortero de 120 mil\u00edmetros con 2,5 kilos de TNT y dos panes de trotyl de 450 gramos cada uno.<\/p>\n\n\n\n<p><strong>1995<\/strong>&nbsp;&#8211;&nbsp;<strong>JAIME F. DE NEVARES.<\/strong>&nbsp;A la edad de 80 a\u00f1os muere en la ciudad de Neuqu\u00e9n el obispo Jaime Francisco de Nevares, defensor de los derechos humanos. El obispo de Neuqu\u00e9n form\u00f3 parte de la CONADEP, el organismo que reuni\u00f3 testimonios de los cr\u00edmenes de lesa humanidad cometidos durante la \u00faltima dictadura c\u00edvico militar.<\/p>\n\n\n\n<p><strong>2003<\/strong>&nbsp;&#8211;&nbsp;<strong>UNI\u00d3N CIVIL.<\/strong>&nbsp;El Gobierno de la Ciudad&nbsp; Aut\u00f3noma de Buenos Aires reglamenta la ley de Uni\u00f3n Civil Convivencial, que da el derecho de incorporar a la pareja a la obra social, recibir una pensi\u00f3n, solicitar vacaciones en el mismo per\u00edodo. Tambi\u00e9n da derecho a licencias en caso de enfermedad de la pareja.<\/p>\n\n\n\n<p><strong>2019<\/strong>&nbsp;&#8211;&nbsp;<strong>GAME OF THRONES.<\/strong>&nbsp;La cadena estadounidense de televisi\u00f3n HBO emite el cap\u00edtulo final de Game of Thrones, la serie que cautiv\u00f3 al p\u00fablico durante ocho temporadas. La han visto m\u00e1s de 22 millones de espectadores en todo el mundo.<\/p>\n\n\n\n<p><strong>2025<\/strong>&nbsp;&#8211;<strong>&nbsp;M\u00c9DICO DE FAMILIA<\/strong>. Desde 2010 se celebra cada 19 de mayo el D\u00eda Mundial del M\u00e9dico de Familia, instituido como reconocimiento a la labor e importancia de los profesionales que atienden la salud familiar.<\/p>\n","protected":false},"excerpt":{"rendered":"<p>Cada 19 de mayo se celebran y conmemoran fechas que marcaron un antes y un despu\u00e9s tanto en Argentina como en el mundo. 1925&nbsp;&#8211;&nbsp;NACE MALCOLM X.&nbsp;Nace en la ciudad de&hellip; <\/p>\n","protected":false},"author":1,"featured_media":208332,"comment_status":"closed","ping_status":"open","sticky":false,"template":"","format":"standard","meta":{"footnotes":""},"categories":[1],"tags":[],"class_list":["post-208331","post","type-post","status-publish","format-standard","has-post-thumbnail","hentry","category-informacion-general"],"_links":{"self":[{"href":"https:\/\/corrientesdetarde.com\/index.php\/wp-json\/wp\/v2\/posts\/208331","targetHints":{"allow":["GET"]}}],"collection":[{"href":"https:\/\/corrientesdetarde.com\/index.php\/wp-json\/wp\/v2\/posts"}],"about":[{"href":"https:\/\/corrientesdetarde.com\/index.php\/wp-json\/wp\/v2\/types\/post"}],"author":[{"embeddable":true,"href":"https:\/\/corrientesdetarde.com\/index.php\/wp-json\/wp\/v2\/users\/1"}],"replies":[{"embeddable":true,"href":"https:\/\/corrientesdetarde.com\/index.php\/wp-json\/wp\/v2\/comments?post=208331"}],"version-history":[{"count":1,"href":"https:\/\/corrientesdetarde.com\/index.php\/wp-json\/wp\/v2\/posts\/208331\/revisions"}],"predecessor-version":[{"id":208333,"href":"https:\/\/corrientesdetarde.com\/index.php\/wp-json\/wp\/v2\/posts\/208331\/revisions\/208333"}],"wp:featuredmedia":[{"embeddable":true,"href":"https:\/\/corrientesdetarde.com\/index.php\/wp-json\/wp\/v2\/media\/208332"}],"wp:attachment":[{"href":"https:\/\/corrientesdetarde.com\/index.php\/wp-json\/wp\/v2\/media?parent=208331"}],"wp:term":[{"taxonomy":"category","embeddable":true,"href":"https:\/\/corrientesdetarde.com\/index.php\/wp-json\/wp\/v2\/categories?post=208331"},{"taxonomy":"post_tag","embeddable":true,"href":"https:\/\/corrientesdetarde.com\/index.php\/wp-json\/wp\/v2\/tags?post=208331"}],"curies":[{"name":"wp","href":"https:\/\/api.w.org\/{rel}","templated":true}]}}