{"id":208438,"date":"2025-05-19T13:20:20","date_gmt":"2025-05-19T16:20:20","guid":{"rendered":"https:\/\/corrientesdetarde.com\/?p=208438"},"modified":"2025-05-19T13:20:25","modified_gmt":"2025-05-19T16:20:25","slug":"valdes-lo-mas-significativo-de-la-cultura-es-la-lectura","status":"publish","type":"post","link":"https:\/\/corrientesdetarde.com\/index.php\/locales\/valdes-lo-mas-significativo-de-la-cultura-es-la-lectura\/","title":{"rendered":"Vald\u00e9s: \u201cLo m\u00e1s significativo de la cultura es la lectura\u201d"},"content":{"rendered":"\n<p>Este lunes, en el Sal\u00f3n Amarillo de Casa de Gobierno, el gobernador Gustavo Vald\u00e9s encabez\u00f3 la entrega de subsidios a 32 bibliotecas populares, entre Capital y el Interior; inversi\u00f3n realizada a trav\u00e9s de Loter\u00eda Correntina. En este contexto, el mandatario remarc\u00f3 la importancia de la lectura en la comunidad correntina, considerando, que \u201cno hay nada que reemplace a un buen libro\u201d, a\u00f1adiendo que \u201cgobernar es parte de ensanchar la cultura\u201d.<\/p>\n\n\n\n<p>Esta ayuda econ\u00f3mica se enmarca en el permanente apoyo hacia las manifestaciones culturales por parte del Gobierno de Corrientes, ratificando el compromiso de seguir invirtiendo en el fomento y desarrollo de estas instituciones&nbsp;a lo largo y a lo ancho de la provincia.<\/p>\n\n\n\n<p><strong>Bibliotecas: apuntando a que trasciendan en el tiempo<\/strong><\/p>\n\n\n\n<p>Iniciando su alocuci\u00f3n, el gobernador Vald\u00e9s habl\u00f3 sobre la trascendencia que deber\u00edan tener las bibliotecas populares en el tiempo, diciendo que \u201cel libro nunca va a morir, siempre estar\u00e1 vigente\u201d. \u201cNo hay nada que reemplace a un buen libro, porque contagia el alma del conocimiento y saber de otras personas, es una transmisi\u00f3n humana que se pone en contacto solamente a trav\u00e9s de lo que se lee y se piensa\u201d, agreg\u00f3, a la vez que sostuvo que&nbsp;\u201cgobernar es parte de ensanchar la cultura\u201d.<\/p>\n\n\n\n<p>Es por eso que este a\u00f1o se decidi\u00f3 triplicar el monto del subsidio. \u201cHoy estamos trabajando bien con Loter\u00eda, eso significa que podemos disponer de estos recursos\u201d, explic\u00f3 a la vez que alent\u00f3 a la sociedad a que done los libros que ya no necesita: \u201cEs un acto de amor hacia el otro\u201d.<\/p>\n\n\n\n<p>\u201cAlgunos creen que invertir en cultura es tirar la plata, pero la cultura es lo \u00fanico que hace volar el alma del ser humano\u201d, defendi\u00f3 luego, haciendo referencia tambi\u00e9n al esfuerzo presupuestario del Gobierno en tal \u00e1mbito. \u201cTenemos por ejemplo a la feria ArteCo, que comienza en unos d\u00edas, algo que es maravilloso para ir a ver. Tambi\u00e9n tenemos muchos museos y hemos generado propuestas culturales como nunca antes\u201d.<\/p>\n\n\n\n<p>Sobre el final de su discurso, hizo lugar al pedido de las bibliotecas populares de mandar ejemplares de las publicaciones del Ministerio de Educaci\u00f3n para sus estanter\u00edas. \u201cEsperemos que sigan por este camino de trabajo\u201d, cerr\u00f3 diciendo a los representantes de estas bibliotecas.<\/p>\n\n\n\n<p><strong>\u201cEnorme alivio para nuestras bibliotecas populares\u201d<\/strong><\/p>\n\n\n\n<p>En representaci\u00f3n de las Bibliotecas Populares de la provincia, la presidenta de la Federaci\u00f3n Correntina de Bibliotecas Populares, Natalia Saya, destac\u00f3 la importancia del apoyo econ\u00f3mico recibido por parte del gobierno provincial. &#8220;Es un honor recibir esta gran ayuda econ\u00f3mica, que ya hemos comenzado a utilizar. Esto significa un enorme alivio para nuestras bibliotecas populares, permiti\u00e9ndonos asistir a eventos culturales destacados, como la Feria Internacional del Libro&#8221;, expres\u00f3 Saya.<\/p>\n\n\n\n<p>La referente cultural resalt\u00f3 que, gracias a este apoyo, pudieron asistir 41 de las 50 bibliotecas populares al evento internacional, aprovechando as\u00ed los beneficios para la adquisici\u00f3n de nuevo material bibliogr\u00e1fico. &#8220;Esto es un caramelito para nuestros socios, que tienen un apetito voraz por literatura actualizada&#8221;, indic\u00f3.<\/p>\n\n\n\n<p>Adem\u00e1s, agradeci\u00f3 especialmente a la presidenta del Instituto de Cultura, Beatriz Kunin por acompa\u00f1ar a la delegaci\u00f3n en su viaje y destac\u00f3 que Corrientes es una de las provincias con m\u00e1s bibliotecas de este tipo y una de las tres que reciben aporte econ\u00f3mico del Gobierno provincial. &#8220;En nuestros encuentros siempre comentamos este gran apoyo y muchos nos preguntan c\u00f3mo hacemos: insistir, insistir e insistir&#8221;, coment\u00f3.<\/p>\n\n\n\n<p>Al respecto, Kunin destac\u00f3 que el monto del subsidio de este a\u00f1o triplica a los anteriores, lo que permite adquirir m\u00e1s ejemplares.<\/p>\n\n\n\n<p>Por \u00faltimo, aprovechando la presencia de la ministra de Educaci\u00f3n, Pr\u00e1xedes L\u00f3pez, Saya solicit\u00f3 que los materiales bibliogr\u00e1ficos elaborados por esa cartera lleguen tambi\u00e9n a las bibliotecas populares. &#8220;Hay bibliotecas, como la m\u00eda en Mercedes, que funcionan dentro de escuelas, pero lamentablemente no recibimos estos ejemplares. Pedimos que env\u00eden algunos m\u00e1s para que lleguen a las bibliotecas&#8221;, concluy\u00f3.<\/p>\n\n\n\n<p><strong>Interventor de Loter\u00eda Correntina<\/strong><\/p>\n\n\n\n<p>Por su parte, el interventor de Loter\u00eda Correntina, Javier Bee Sellares, valor\u00f3 el rol de las bibliotecas populares y de quienes las sostienen d\u00eda a d\u00eda. \u201cPara m\u00ed son h\u00e9roes que llevan adelante esta tarea tan encomiable\u201d, afirm\u00f3 con \u00e9nfasis, al tiempo que record\u00f3 que las utilidades del organismo a su cargo \u201cvuelven a la comunidad correntina\u201d mediante subsidios, conforme lo establece la ley de creaci\u00f3n de la Loter\u00eda.<\/p>\n\n\n\n<p>\u201cPocos hechos son tan significativos como este\u201d, sostuvo, destacando la importancia de que estos anuncios se realicen en Casa de Gobierno. En un contexto social atravesado por las redes y el entretenimiento digital, remarc\u00f3: \u201cBuscar que un ni\u00f1o, a trav\u00e9s de un libro, haga volar su imaginaci\u00f3n, es un concepto que perfora socialmente y llega a lo m\u00e1s profundo de la familia\u201d.<\/p>\n\n\n\n<p>Finalmente, subray\u00f3 la decisi\u00f3n del gobernador Vald\u00e9s de \u201capuntalar lo social\u201d a trav\u00e9s del acompa\u00f1amiento a instituciones que fortalecen los lazos comunitarios. \u201cEstamos muy orgullosos de estar en este camino y de acompa\u00f1ar esta l\u00ednea espec\u00edfica de gesti\u00f3n p\u00fablica\u201d, concluy\u00f3.<\/p>\n\n\n\n<p><strong>Bibliotecas subsidiadas<\/strong><\/p>\n\n\n\n<p>Recibieron subsidios las bibliotecas Carlos Mar\u00eda de Alvear (Alvear); Sarmiento (Bella Vista); Mario Isaac Portillo (Chavarr\u00eda); Arand\u00fa, Fecobip, Fray Luis de Bola\u00f1os, Jos\u00e9 Francisco de San Mart\u00edn, \u00d1a\u00f1uv\u00e1, Ricardo Mari\u00f1o y Josefina Contte (Corrientes Capital); Dr. Jos\u00e9 Alfredo Ferreira (Esquina); V\u00edctor E. Navajas Centeno (Gobernador Virasoro); Barrios del Sur, Domingo F. Sarmiento y Marta Elgul de Par\u00eds (Goya); Domingo Faustino Sarmiento, Isabel S. Aquino, Literaria Belgrano y San Mart\u00edn (Mercedes); San Cosme (San Cosme); Juan Bautista Alberdi (San Luis del Palmar); Manuel Lainez, Marcelino Elizondo y Villa Fedullo (Monte Caseros); Rivadavia ACYAC y Cuati\u00e1 Rend\u00e1 (Curuz\u00fa Cuati\u00e1); Mariano Moreno (Mocoret\u00e1); Juan Manuel Rivera (Ca\u00e1 Cat\u00ed); San Mart\u00edn (San Roque); Carlos Spano (Ituzaing\u00f3); Francisco Madariaga (Santa Rosa); y Bernardino Rivadavia (Santo Tom\u00e9).<\/p>\n\n\n\n<p><strong>Presencias<\/strong><\/p>\n\n\n\n<p>Acompa\u00f1aron a las mencionadas autoridades, el vicegobernador Pedro Braillard Poccard; ministros del Poder Ejecutivo, secretarios, subsecretarios, &nbsp;legisladores provinciales y representantes de las distintas bibliotecas de la provincia.<\/p>\n\n\n\n<figure class=\"wp-block-image size-large\"><img loading=\"lazy\" decoding=\"async\" width=\"1024\" height=\"682\" src=\"https:\/\/corrientesdetarde.com\/wp-content\/uploads\/2025\/05\/image-668-1024x682.png\" alt=\"\" class=\"wp-image-208439\" srcset=\"https:\/\/corrientesdetarde.com\/wp-content\/uploads\/2025\/05\/image-668-1024x682.png 1024w, https:\/\/corrientesdetarde.com\/wp-content\/uploads\/2025\/05\/image-668-300x200.png 300w, https:\/\/corrientesdetarde.com\/wp-content\/uploads\/2025\/05\/image-668-768x512.png 768w, https:\/\/corrientesdetarde.com\/wp-content\/uploads\/2025\/05\/image-668-1536x1023.png 1536w, https:\/\/corrientesdetarde.com\/wp-content\/uploads\/2025\/05\/image-668.png 1600w\" sizes=\"auto, (max-width: 1024px) 100vw, 1024px\" \/><\/figure>\n\n\n\n<figure class=\"wp-block-image size-large\"><img loading=\"lazy\" decoding=\"async\" width=\"1024\" height=\"682\" src=\"https:\/\/corrientesdetarde.com\/wp-content\/uploads\/2025\/05\/image-669-1024x682.png\" alt=\"\" class=\"wp-image-208440\" srcset=\"https:\/\/corrientesdetarde.com\/wp-content\/uploads\/2025\/05\/image-669-1024x682.png 1024w, https:\/\/corrientesdetarde.com\/wp-content\/uploads\/2025\/05\/image-669-300x200.png 300w, https:\/\/corrientesdetarde.com\/wp-content\/uploads\/2025\/05\/image-669-768x512.png 768w, https:\/\/corrientesdetarde.com\/wp-content\/uploads\/2025\/05\/image-669-1536x1023.png 1536w, https:\/\/corrientesdetarde.com\/wp-content\/uploads\/2025\/05\/image-669.png 1600w\" sizes=\"auto, (max-width: 1024px) 100vw, 1024px\" \/><\/figure>\n\n\n\n<figure class=\"wp-block-image size-large\"><img loading=\"lazy\" decoding=\"async\" width=\"1024\" height=\"682\" src=\"https:\/\/corrientesdetarde.com\/wp-content\/uploads\/2025\/05\/image-670-1024x682.png\" alt=\"\" class=\"wp-image-208441\" srcset=\"https:\/\/corrientesdetarde.com\/wp-content\/uploads\/2025\/05\/image-670-1024x682.png 1024w, https:\/\/corrientesdetarde.com\/wp-content\/uploads\/2025\/05\/image-670-300x200.png 300w, https:\/\/corrientesdetarde.com\/wp-content\/uploads\/2025\/05\/image-670-768x512.png 768w, https:\/\/corrientesdetarde.com\/wp-content\/uploads\/2025\/05\/image-670-1536x1023.png 1536w, https:\/\/corrientesdetarde.com\/wp-content\/uploads\/2025\/05\/image-670.png 1600w\" sizes=\"auto, (max-width: 1024px) 100vw, 1024px\" \/><\/figure>\n\n\n\n<figure class=\"wp-block-image size-large\"><img loading=\"lazy\" decoding=\"async\" width=\"1024\" height=\"682\" src=\"https:\/\/corrientesdetarde.com\/wp-content\/uploads\/2025\/05\/image-671-1024x682.png\" alt=\"\" class=\"wp-image-208442\" srcset=\"https:\/\/corrientesdetarde.com\/wp-content\/uploads\/2025\/05\/image-671-1024x682.png 1024w, https:\/\/corrientesdetarde.com\/wp-content\/uploads\/2025\/05\/image-671-300x200.png 300w, https:\/\/corrientesdetarde.com\/wp-content\/uploads\/2025\/05\/image-671-768x512.png 768w, https:\/\/corrientesdetarde.com\/wp-content\/uploads\/2025\/05\/image-671-1536x1023.png 1536w, https:\/\/corrientesdetarde.com\/wp-content\/uploads\/2025\/05\/image-671.png 1600w\" sizes=\"auto, (max-width: 1024px) 100vw, 1024px\" \/><\/figure>\n\n\n\n<figure class=\"wp-block-image size-large\"><img loading=\"lazy\" decoding=\"async\" width=\"1024\" height=\"682\" src=\"https:\/\/corrientesdetarde.com\/wp-content\/uploads\/2025\/05\/image-672-1024x682.png\" alt=\"\" class=\"wp-image-208443\" srcset=\"https:\/\/corrientesdetarde.com\/wp-content\/uploads\/2025\/05\/image-672-1024x682.png 1024w, https:\/\/corrientesdetarde.com\/wp-content\/uploads\/2025\/05\/image-672-300x200.png 300w, https:\/\/corrientesdetarde.com\/wp-content\/uploads\/2025\/05\/image-672-768x512.png 768w, https:\/\/corrientesdetarde.com\/wp-content\/uploads\/2025\/05\/image-672-1536x1023.png 1536w, https:\/\/corrientesdetarde.com\/wp-content\/uploads\/2025\/05\/image-672.png 1600w\" sizes=\"auto, (max-width: 1024px) 100vw, 1024px\" \/><\/figure>\n\n\n\n<figure class=\"wp-block-image size-large\"><img loading=\"lazy\" decoding=\"async\" width=\"1024\" height=\"682\" src=\"https:\/\/corrientesdetarde.com\/wp-content\/uploads\/2025\/05\/image-673-1024x682.png\" alt=\"\" class=\"wp-image-208444\" srcset=\"https:\/\/corrientesdetarde.com\/wp-content\/uploads\/2025\/05\/image-673-1024x682.png 1024w, https:\/\/corrientesdetarde.com\/wp-content\/uploads\/2025\/05\/image-673-300x200.png 300w, https:\/\/corrientesdetarde.com\/wp-content\/uploads\/2025\/05\/image-673-768x512.png 768w, https:\/\/corrientesdetarde.com\/wp-content\/uploads\/2025\/05\/image-673-1536x1023.png 1536w, https:\/\/corrientesdetarde.com\/wp-content\/uploads\/2025\/05\/image-673.png 1600w\" sizes=\"auto, (max-width: 1024px) 100vw, 1024px\" \/><\/figure>\n\n\n\n<figure class=\"wp-block-image size-large\"><img loading=\"lazy\" decoding=\"async\" width=\"1024\" height=\"682\" src=\"https:\/\/corrientesdetarde.com\/wp-content\/uploads\/2025\/05\/image-674-1024x682.png\" alt=\"\" class=\"wp-image-208445\" srcset=\"https:\/\/corrientesdetarde.com\/wp-content\/uploads\/2025\/05\/image-674-1024x682.png 1024w, https:\/\/corrientesdetarde.com\/wp-content\/uploads\/2025\/05\/image-674-300x200.png 300w, https:\/\/corrientesdetarde.com\/wp-content\/uploads\/2025\/05\/image-674-768x512.png 768w, https:\/\/corrientesdetarde.com\/wp-content\/uploads\/2025\/05\/image-674-1536x1023.png 1536w, https:\/\/corrientesdetarde.com\/wp-content\/uploads\/2025\/05\/image-674.png 1600w\" sizes=\"auto, (max-width: 1024px) 100vw, 1024px\" \/><\/figure>\n\n\n\n<figure class=\"wp-block-image size-large\"><img loading=\"lazy\" decoding=\"async\" width=\"1024\" height=\"682\" src=\"https:\/\/corrientesdetarde.com\/wp-content\/uploads\/2025\/05\/image-676-1024x682.png\" alt=\"\" class=\"wp-image-208447\" srcset=\"https:\/\/corrientesdetarde.com\/wp-content\/uploads\/2025\/05\/image-676-1024x682.png 1024w, https:\/\/corrientesdetarde.com\/wp-content\/uploads\/2025\/05\/image-676-300x200.png 300w, https:\/\/corrientesdetarde.com\/wp-content\/uploads\/2025\/05\/image-676-768x512.png 768w, https:\/\/corrientesdetarde.com\/wp-content\/uploads\/2025\/05\/image-676-1536x1023.png 1536w, https:\/\/corrientesdetarde.com\/wp-content\/uploads\/2025\/05\/image-676.png 1600w\" sizes=\"auto, (max-width: 1024px) 100vw, 1024px\" \/><\/figure>\n","protected":false},"excerpt":{"rendered":"<p>Este lunes, en el Sal\u00f3n Amarillo de Casa de Gobierno, el gobernador Gustavo Vald\u00e9s encabez\u00f3 la entrega de subsidios a 32 bibliotecas populares, entre Capital y el Interior; inversi\u00f3n realizada&hellip; <\/p>\n","protected":false},"author":8,"featured_media":208445,"comment_status":"closed","ping_status":"open","sticky":false,"template":"","format":"standard","meta":{"footnotes":""},"categories":[8],"tags":[],"class_list":["post-208438","post","type-post","status-publish","format-standard","has-post-thumbnail","hentry","category-locales"],"_links":{"self":[{"href":"https:\/\/corrientesdetarde.com\/index.php\/wp-json\/wp\/v2\/posts\/208438","targetHints":{"allow":["GET"]}}],"collection":[{"href":"https:\/\/corrientesdetarde.com\/index.php\/wp-json\/wp\/v2\/posts"}],"about":[{"href":"https:\/\/corrientesdetarde.com\/index.php\/wp-json\/wp\/v2\/types\/post"}],"author":[{"embeddable":true,"href":"https:\/\/corrientesdetarde.com\/index.php\/wp-json\/wp\/v2\/users\/8"}],"replies":[{"embeddable":true,"href":"https:\/\/corrientesdetarde.com\/index.php\/wp-json\/wp\/v2\/comments?post=208438"}],"version-history":[{"count":1,"href":"https:\/\/corrientesdetarde.com\/index.php\/wp-json\/wp\/v2\/posts\/208438\/revisions"}],"predecessor-version":[{"id":208448,"href":"https:\/\/corrientesdetarde.com\/index.php\/wp-json\/wp\/v2\/posts\/208438\/revisions\/208448"}],"wp:featuredmedia":[{"embeddable":true,"href":"https:\/\/corrientesdetarde.com\/index.php\/wp-json\/wp\/v2\/media\/208445"}],"wp:attachment":[{"href":"https:\/\/corrientesdetarde.com\/index.php\/wp-json\/wp\/v2\/media?parent=208438"}],"wp:term":[{"taxonomy":"category","embeddable":true,"href":"https:\/\/corrientesdetarde.com\/index.php\/wp-json\/wp\/v2\/categories?post=208438"},{"taxonomy":"post_tag","embeddable":true,"href":"https:\/\/corrientesdetarde.com\/index.php\/wp-json\/wp\/v2\/tags?post=208438"}],"curies":[{"name":"wp","href":"https:\/\/api.w.org\/{rel}","templated":true}]}}