{"id":208449,"date":"2025-05-19T13:22:29","date_gmt":"2025-05-19T16:22:29","guid":{"rendered":"https:\/\/corrientesdetarde.com\/?p=208449"},"modified":"2025-05-19T13:22:41","modified_gmt":"2025-05-19T16:22:41","slug":"en-pos-de-cooperacion-mutua-el-gobernador-se-reunio-con-el-arzobispo-adolfo-larregain","status":"publish","type":"post","link":"https:\/\/corrientesdetarde.com\/index.php\/actualidad\/en-pos-de-cooperacion-mutua-el-gobernador-se-reunio-con-el-arzobispo-adolfo-larregain\/","title":{"rendered":"En pos de cooperaci\u00f3n mutua, el Gobernador se reuni\u00f3 con el arzobispo Adolfo Larregain"},"content":{"rendered":"\n<p>Este lunes, el gobernador Gustavo Vald\u00e9s visit\u00f3 al arzobispo Adolfo Larregain con el objetivo de comunicarle sobre la decisi\u00f3n de que el nuevo Instituto Oncol\u00f3gico de la Provincia lleve el nombre del Papa Francisco, en honor al Santo Padre. En la oportunidad, el mandatario le solicit\u00f3 al monse\u00f1or la bendici\u00f3n sobre el proyecto y a la vez, dialogaron sobre varios temas de cooperaci\u00f3n mutua.<\/p>\n\n\n\n<p>\u201cTuvimos una reuni\u00f3n muy grata donde hablamos de una variedad de temas\u201d, coment\u00f3 a la prensa Vald\u00e9s sobre el encuentro tras la entrega de subsidios a bibliotecas de Corrientes en Casa de Gobierno.<\/p>\n\n\n\n<p>En ese sentido, agreg\u00f3 que \u201cfui personalmente a comunicarle la decisi\u00f3n e invitarlo para que nos de la bendici\u00f3n en nuestro proyecto de poner al nuevo Hospital Oncol\u00f3gico el nombre del Papa Francisco\u201d.<\/p>\n\n\n\n<p>Cabe recordar que el anunci\u00f3 de dicha decisi\u00f3n la hab\u00eda dado a conocer el mandatario en el marco del quinto aniversario del Hospital de Campa\u00f1a \u201cEscuela Hogar&#8221;.<\/p>\n\n\n\n<p>Asimismo, a trav\u00e9s de sus redes sociales ante el encuentro con el arzobispo indic\u00f3 que \u201ctuvimos un di\u00e1logo institucional\u201d lo cual \u201cfacilita la identificaci\u00f3n de \u00e1reas de cooperaci\u00f3n mutua con una mirada social y tolerante\u201d. \u201cCon ese objetivo nos reunimos con monse\u00f1or Adolfo Larregain, con quien nos une la vocaci\u00f3n de profundizar el sentido de comunidad\u201d, remarc\u00f3 Vald\u00e9s.<\/p>\n","protected":false},"excerpt":{"rendered":"<p>Este lunes, el gobernador Gustavo Vald\u00e9s visit\u00f3 al arzobispo Adolfo Larregain con el objetivo de comunicarle sobre la decisi\u00f3n de que el nuevo Instituto Oncol\u00f3gico de la Provincia lleve el&hellip; <\/p>\n","protected":false},"author":8,"featured_media":208450,"comment_status":"closed","ping_status":"open","sticky":false,"template":"","format":"standard","meta":{"footnotes":""},"categories":[23],"tags":[],"class_list":["post-208449","post","type-post","status-publish","format-standard","has-post-thumbnail","hentry","category-actualidad"],"_links":{"self":[{"href":"https:\/\/corrientesdetarde.com\/index.php\/wp-json\/wp\/v2\/posts\/208449","targetHints":{"allow":["GET"]}}],"collection":[{"href":"https:\/\/corrientesdetarde.com\/index.php\/wp-json\/wp\/v2\/posts"}],"about":[{"href":"https:\/\/corrientesdetarde.com\/index.php\/wp-json\/wp\/v2\/types\/post"}],"author":[{"embeddable":true,"href":"https:\/\/corrientesdetarde.com\/index.php\/wp-json\/wp\/v2\/users\/8"}],"replies":[{"embeddable":true,"href":"https:\/\/corrientesdetarde.com\/index.php\/wp-json\/wp\/v2\/comments?post=208449"}],"version-history":[{"count":1,"href":"https:\/\/corrientesdetarde.com\/index.php\/wp-json\/wp\/v2\/posts\/208449\/revisions"}],"predecessor-version":[{"id":208451,"href":"https:\/\/corrientesdetarde.com\/index.php\/wp-json\/wp\/v2\/posts\/208449\/revisions\/208451"}],"wp:featuredmedia":[{"embeddable":true,"href":"https:\/\/corrientesdetarde.com\/index.php\/wp-json\/wp\/v2\/media\/208450"}],"wp:attachment":[{"href":"https:\/\/corrientesdetarde.com\/index.php\/wp-json\/wp\/v2\/media?parent=208449"}],"wp:term":[{"taxonomy":"category","embeddable":true,"href":"https:\/\/corrientesdetarde.com\/index.php\/wp-json\/wp\/v2\/categories?post=208449"},{"taxonomy":"post_tag","embeddable":true,"href":"https:\/\/corrientesdetarde.com\/index.php\/wp-json\/wp\/v2\/tags?post=208449"}],"curies":[{"name":"wp","href":"https:\/\/api.w.org\/{rel}","templated":true}]}}