{"id":208460,"date":"2025-05-19T13:27:05","date_gmt":"2025-05-19T16:27:05","guid":{"rendered":"https:\/\/corrientesdetarde.com\/?p=208460"},"modified":"2025-05-19T13:27:17","modified_gmt":"2025-05-19T16:27:17","slug":"salud-publica-realiza-atencion-integral-a-adolescentes","status":"publish","type":"post","link":"https:\/\/corrientesdetarde.com\/index.php\/bienestar-y-salud\/salud-publica-realiza-atencion-integral-a-adolescentes\/","title":{"rendered":"Salud P\u00fablica realiza atenci\u00f3n integral a adolescentes"},"content":{"rendered":"\n<p><em>Desde el Centro de Salud Integral del Adolescente, realizan operativos sanitarios en Capital y en el interior. Trabajan en la salud sexual y reproductiva, prevenci\u00f3n y tratamiento de consumo problem\u00e1tico, entre otros.<\/em><\/p>\n\n\n\n<p>El equipo del Centro de Salud Integral del Adolescente, que depende del Ministerio de Salud P\u00fablica a cargo de Ricardo Cardozo, realiza operativos en la provincia. Los mismos, consisten en brindar cuidado y apoyo en esta etapa. Trabajan en la salud sexual y reproductiva; prevenci\u00f3n y tratamiento de consumo problem\u00e1tico; atenci\u00f3n cl\u00ednica integral; controles y seguimiento durante el embarazo y, charlas educativas y atenciones personalizadas.<\/p>\n\n\n\n<p>El objetivo es brindar un espacio seguro y de confianza para que los adolescentes puedan recibir el cuidado y el apoyo que necesitan para crecer de manera saludable. La invitaci\u00f3n a estos espacios se realiza por redes sociales y se acercan voluntariamente.<\/p>\n\n\n\n<p>\u201cLa adolescencia es una etapa crucial del individuo. En este siglo XXI, enfrentan cambios y desaf\u00edos, dado la modernidad, tanto sociales como la incorporaci\u00f3n de la tecnolog\u00eda y conocimientos a la vida cotidiana. &nbsp;Esto requiri\u00f3 que hayamos modificado nuestros modelos de atenci\u00f3n en la adolescencia. Seg\u00fan la Organizaci\u00f3n Mundial de la Salud (OMS) va desde los 10 a los 19, la temprana de 10 a 12 y tard\u00eda de 15 a 19\u201d, dijo&nbsp;Karina Fern\u00e1ndez&nbsp;coordinadora del Centro.<\/p>\n\n\n\n<p>El equipo est\u00e1 formado por especialistas en ginecolog\u00eda y obstetricia; m\u00e9dicos cl\u00ednicos, psic\u00f3logos y psiquiatras, todos especialistas en esta etapa de la vida.<\/p>\n\n\n\n<p>\u201cAbordamos la salud integral del mismo, desde su \u00e1rea social, f\u00edsica y ps\u00edquica. Est\u00e1n en pleno proceso de construcci\u00f3n, y por ello, es fundamental este abordaje sanitario. Es nuestra funci\u00f3n como m\u00e9dicos especialistas en adolescencia. Realizamos operativos para escuchar y atender sus necesidades\u201d, coment\u00f3.<\/p>\n\n\n\n<p>El espacio f\u00edsico del Centro est\u00e1 en construcci\u00f3n. Los operativos se realizan en Capital e interior. Se trabaja de forma multidisciplinaria y con muy buena recepci\u00f3n con los diferentes centros asistenciales y hospitales.<\/p>\n\n\n\n<p>\u201cHasta la fecha, ya realizamos m\u00e1s de 16 operativos con llegada a m\u00e1s de 400 adolescentes, en su mayor\u00eda mujeres. Estamos elaborando estrategias para que participen m\u00e1s varones. Hay una gran demanda de atenci\u00f3n\u201d, sostuvo.<\/p>\n\n\n\n<figure class=\"wp-block-image size-large\"><img loading=\"lazy\" decoding=\"async\" width=\"1024\" height=\"768\" src=\"https:\/\/corrientesdetarde.com\/wp-content\/uploads\/2025\/05\/image-685-1024x768.png\" alt=\"\" class=\"wp-image-208462\" srcset=\"https:\/\/corrientesdetarde.com\/wp-content\/uploads\/2025\/05\/image-685-1024x768.png 1024w, https:\/\/corrientesdetarde.com\/wp-content\/uploads\/2025\/05\/image-685-300x225.png 300w, https:\/\/corrientesdetarde.com\/wp-content\/uploads\/2025\/05\/image-685-768x576.png 768w, https:\/\/corrientesdetarde.com\/wp-content\/uploads\/2025\/05\/image-685.png 1080w\" sizes=\"auto, (max-width: 1024px) 100vw, 1024px\" \/><\/figure>\n\n\n\n<figure class=\"wp-block-image size-large\"><img loading=\"lazy\" decoding=\"async\" width=\"1024\" height=\"768\" src=\"https:\/\/corrientesdetarde.com\/wp-content\/uploads\/2025\/05\/image-686-1024x768.png\" alt=\"\" class=\"wp-image-208463\" srcset=\"https:\/\/corrientesdetarde.com\/wp-content\/uploads\/2025\/05\/image-686-1024x768.png 1024w, https:\/\/corrientesdetarde.com\/wp-content\/uploads\/2025\/05\/image-686-300x225.png 300w, https:\/\/corrientesdetarde.com\/wp-content\/uploads\/2025\/05\/image-686-768x576.png 768w, https:\/\/corrientesdetarde.com\/wp-content\/uploads\/2025\/05\/image-686.png 1080w\" sizes=\"auto, (max-width: 1024px) 100vw, 1024px\" \/><\/figure>\n","protected":false},"excerpt":{"rendered":"<p>Desde el Centro de Salud Integral del Adolescente, realizan operativos sanitarios en Capital y en el interior. Trabajan en la salud sexual y reproductiva, prevenci\u00f3n y tratamiento de consumo problem\u00e1tico,&hellip; <\/p>\n","protected":false},"author":8,"featured_media":208461,"comment_status":"closed","ping_status":"open","sticky":false,"template":"","format":"standard","meta":{"footnotes":""},"categories":[16],"tags":[],"class_list":["post-208460","post","type-post","status-publish","format-standard","has-post-thumbnail","hentry","category-bienestar-y-salud"],"_links":{"self":[{"href":"https:\/\/corrientesdetarde.com\/index.php\/wp-json\/wp\/v2\/posts\/208460","targetHints":{"allow":["GET"]}}],"collection":[{"href":"https:\/\/corrientesdetarde.com\/index.php\/wp-json\/wp\/v2\/posts"}],"about":[{"href":"https:\/\/corrientesdetarde.com\/index.php\/wp-json\/wp\/v2\/types\/post"}],"author":[{"embeddable":true,"href":"https:\/\/corrientesdetarde.com\/index.php\/wp-json\/wp\/v2\/users\/8"}],"replies":[{"embeddable":true,"href":"https:\/\/corrientesdetarde.com\/index.php\/wp-json\/wp\/v2\/comments?post=208460"}],"version-history":[{"count":1,"href":"https:\/\/corrientesdetarde.com\/index.php\/wp-json\/wp\/v2\/posts\/208460\/revisions"}],"predecessor-version":[{"id":208464,"href":"https:\/\/corrientesdetarde.com\/index.php\/wp-json\/wp\/v2\/posts\/208460\/revisions\/208464"}],"wp:featuredmedia":[{"embeddable":true,"href":"https:\/\/corrientesdetarde.com\/index.php\/wp-json\/wp\/v2\/media\/208461"}],"wp:attachment":[{"href":"https:\/\/corrientesdetarde.com\/index.php\/wp-json\/wp\/v2\/media?parent=208460"}],"wp:term":[{"taxonomy":"category","embeddable":true,"href":"https:\/\/corrientesdetarde.com\/index.php\/wp-json\/wp\/v2\/categories?post=208460"},{"taxonomy":"post_tag","embeddable":true,"href":"https:\/\/corrientesdetarde.com\/index.php\/wp-json\/wp\/v2\/tags?post=208460"}],"curies":[{"name":"wp","href":"https:\/\/api.w.org\/{rel}","templated":true}]}}