{"id":208465,"date":"2025-05-19T13:29:30","date_gmt":"2025-05-19T16:29:30","guid":{"rendered":"https:\/\/corrientesdetarde.com\/?p=208465"},"modified":"2025-05-21T08:54:43","modified_gmt":"2025-05-21T11:54:43","slug":"extensa-y-atractiva-programacion-de-arteco-2025-en-la-galeria-colon-y-en-un-circuito-de-10-locaciones","status":"publish","type":"post","link":"https:\/\/corrientesdetarde.com\/index.php\/informacion-general\/extensa-y-atractiva-programacion-de-arteco-2025-en-la-galeria-colon-y-en-un-circuito-de-10-locaciones\/","title":{"rendered":"Extensa y atractiva programaci\u00f3n de ArteCo 2025 en\u00a0la Galer\u00eda Col\u00f3n y en un circuito de 10 locaciones"},"content":{"rendered":"\n<p>Con programaci\u00f3n actualizada, comienza la cuenta regresiva para la s\u00e9ptima edici\u00f3n de Arteco que, del 22 al 25 de mayo, recibir\u00e1 al p\u00fablico en la Galer\u00eda Col\u00f3n con acceso libre y gratuito. La feria de arte contempor\u00e1neo de Corrientes abrir\u00e1 sus puertas de 14 a 21 hs., y suma un circuito de exhibiciones en 10 locaciones. Durante cuatro d\u00edas ser\u00e1 punto de encuentro para artistas, gestores, galeristas, proyectos colectivos y otros actores del sector cultural y creativo de Corrientes, la regi\u00f3n, Paraguay, Brasil y Uruguay.<\/p>\n\n\n\n<p>Organizada por el Gobierno de Corrientes, a trav\u00e9s del Instituto de Cultura, ArteCo se alista para recibir a la comunidad art\u00edstica de la regi\u00f3n y el pa\u00eds en el que otrora fuera el \u201ctemplo del s\u00e9ptimo arte\u201d de la ciudad y que, tras 17 a\u00f1os, vuelve a abrir sus puertas como Galer\u00eda Col\u00f3n, alojando en sus cinco pisos a las&nbsp;27 galer\u00edas de arte, 36 artistas individuales y 23 proyectos y colectivos de Argentina, Brasil y Paraguay seleccionados tras convocatoria p\u00fablica.<\/p>\n\n\n\n<p><strong>Galer\u00eda Col\u00f3n<\/strong><\/p>\n\n\n\n<p>En los cinco pisos de la Galer\u00eda Col\u00f3n, adem\u00e1s de las exhibiciones de artistas, galer\u00edas, proyectos y colectivos, el p\u00fablico podr\u00e1 disfrutar de propuestas destinadas a la familia, como el taller de arte para ni\u00f1os \u201cDescubriendo el Yvera: el agua que brilla\u201d, un espacio creativo y divertido para los ni\u00f1os de 3 a 10 a\u00f1os, donde puedan desarrollar sus habilidades art\u00edsticas y expresivas a trav\u00e9s de diversas t\u00e9cnicas y materiales con una mirada l\u00fadica. El taller estar\u00e1 dirigido por las profesoras Natalia Toledo y Fabiana Valenzuela y las actividades previstas incluyen dibujo y pintura, collage y origamis, del jueves 22 al domingo 25 en el quinto piso.<\/p>\n\n\n\n<p>Otra actividad dirigida a los ni\u00f1os ser\u00e1n los talleres que dictar\u00e1 la artista y muralista Daniela Almeida, el s\u00e1bado 24 desde las 19 hs. con el taller \u201cLas emociones\u201d, que apunta al desarrollo de la observaci\u00f3n y la expresi\u00f3n sensible y el domingo 25 desde las 19 hs. con el taller \u201cLa expresi\u00f3n y el color\u201d con el objetivo de trabajar la expresi\u00f3n emocional del color y de la forma.<\/p>\n\n\n\n<p>Almeida tambi\u00e9n participa de esta edici\u00f3n con la muestra \u201cEl Ni\u00f1o Interior\u201d, obra resultado de su trabajo con ni\u00f1os de segundo grado del Instituto Mecenas de la ciudad y del Jard\u00edn N\u00b0 51 de Santa Ana con t\u00e9cnicas de dibujo y collage, a la que se suma la exhibici\u00f3n de &#8220;La ronda&#8221; con esculturas de papel mache con revestimiento de collage realizadas por la artista sobre figuras de ni\u00f1os y aves aut\u00f3ctonas. Los talleres y muestra por Daniela Almeida tendr\u00e1n lugar en el quinto piso de la Galer\u00eda Col\u00f3n.<\/p>\n\n\n\n<p>Tambi\u00e9n se destaca &#8220;Camalote, artesan\u00eda contempor\u00e1nea del Iber\u00e1&#8221; de Artesanos del Iber\u00e1, que propone una muestra con las expresiones de artesanos que usan una materialidad provista por el territorio que habitan y cuya producci\u00f3n refleja su mirada sobre el mismo y esta cultura que es en convivencia con el agua. Exponen Angelina Avila y Judith Valenzuela con cer\u00e1mica (Isla Apip\u00e9 Grande), Josefina Cantero con cester\u00eda (Loreto), Alejandro Moreira con tallas en madera (San Miguel), Arturo y Juan Ariel Mart\u00edn con tallas en madera (Colonia Carlos Pellegrini). La muestra cuenta con curadur\u00eda de Hada Irastorza con apoyo de Puerto Valle hotel de Esteros, y se podr\u00e1 visitar en el cuarto piso de la Galer\u00eda Col\u00f3n.<\/p>\n\n\n\n<p>Tambi\u00e9n en el cuarto piso habr\u00e1 una tienda editorial con representantes de Azogue Libros y Moglia Ediciones. Azogue libros intenta contribuir con sus publicaciones a la difusi\u00f3n, desarrollo y proyecci\u00f3n de las letras y cultura visual contempor\u00e1nea del litoral. Trabaja en la recuperaci\u00f3n de textos y voces del sXX y en la publicaci\u00f3n de nuevos autores y autoras en torno a la poes\u00eda, teatro, artes visuales, investigaciones culturales y g\u00e9nero. Fundada en 2018 cuenta con 34 libros publicados a la fecha. En esta ocasi\u00f3n llevar\u00e1 de novedad a la feria ArteCo2025 los libros &#8220;Dibujar el negativo de un omb\u00fa&#8221; de la artista visual, fot\u00f3grafa y videasta Estefan\u00eda Santiago, oriunda de Federaci\u00f3n residente actualmente en Madrid. y &#8220;Ex Sylvis&#8221; del narrador, curador, e investigador paraguayo Dami\u00e1n Cabrera. Con esta propuesta intenta enriquecer la experiencia de los y las visitantes a la feria y complementar la propuesta curatorial de la actual edici\u00f3n&nbsp;de&nbsp;ArteCo<\/p>\n\n\n\n<p>Por su parte, la editorial correntina Moglia dispondr\u00e1 libros de contenido art\u00edstico editados en Corrientes, de Nuevo Mundo Editora, del Fondo Editorial del Instituto de Cultura de Corrientes y libros de arte de escritores independientes.&nbsp; Completan el sector de tiendas los proyectos de indumentaria \u201cEl Viento nos amontona\u201d de Yama Prieto y \u201cTienda de R\u00edo\u201d.<\/p>\n\n\n\n<p>El auditorio del quinto piso ofrecer\u00e1 diversas charlas sobre experiencias en el arte contempor\u00e1neo por artistas y presentaciones de libros.<\/p>\n\n\n\n<p><strong>La feria<\/strong><\/p>\n\n\n\n<p>Las obras exhibidas por los artistas individuales exploran una dualidad constante, una tensi\u00f3n entre lo interno y lo externo. Se mueven entre dos territorios definidos: el vasto y tangible del paisaje, la cultura que lo habita y las preocupaciones pol\u00edticas, y el \u00edntimo y a menudo intangible de los universos personales y las inquietudes generacionales. Esta dicotom\u00eda entre el &#8220;afuera&#8221; &#8211; el mundo observable y social &#8211; y el &#8220;adentro&#8221; &#8211; la psique individual y colectiva &#8211; propone una reflexi\u00f3n sobre c\u00f3mo estos dos \u00e1mbitos se interrelacionan, se influyen mutuamente y definen nuestra percepci\u00f3n de la realidad. Nos enfrenta a la pregunta de d\u00f3nde termina el paisaje y d\u00f3nde comienza la conciencia, d\u00f3nde la cultura impacta al individuo y c\u00f3mo las inquietudes personales se proyectan en el mundo exterior.<\/p>\n\n\n\n<p>&nbsp;<strong>Artistas individuales<\/strong><\/p>\n\n\n\n<p>Bruno Rafael Yedro (Yapey\u00fa), Carlos Casigno (Corrientes), Carolina Sivori (Corrientes), Daniel Cian (Corrientes), Dar\u00edo (Corrientes), Eduardo Cabrera (Corrientes), El Vato (Corrientes), Faby Quirixo (Goya), Gast\u00f3n Larramendy (Corrientes), Gerardo Baucero (Rosario), Gogna (Corrientes), Gustavo Mendoza (Corrientes), Jacqueline Fern\u00e1ndez, Javier Acu\u00f1a (Chaco), Jos\u00e9 Mazzanti (Corrientes), Jos\u00e9 Mizdraji (Corrientes), Juan Pablo Arias (Chaco), Jules (Corrientes), Mal d\u00eda para ser humano (Corrientes), Montse Sol\u00eds (Corrientes), Nessa (Goya), Oso Plumoso (Corrientes), Paula Patricia Cardozo (Corrientes), Poli Romero (Monte Caseros), Ququ Angel (Corrientes), Richar de Itat\u00ed (Itat\u00ed), Romina Ryan (Corrientes), Salvador Mizdraji (Corrientes), Sandra Graciela Guti\u00e9rrez (Corrientes), Sebasti\u00e1n Galvaliz (Santa Fe), Susana Avalos (Corrientes), Tatuu (Corrientes), Vico (Corrientes) y Victoria Muniagurria (Goya) y Paloma Szkope.<\/p>\n\n\n\n<p><strong>Galer\u00edas<\/strong><\/p>\n\n\n\n<p>Ballena (Mar del Plata), Biomba Galer\u00eda (San Miguel de Tucum\u00e1n), Bunker (San Juan), Casagaler\u00eda (Salta), Cecilia Caballero Arte Contempor\u00e1neo (CABA), Chacra 247 (Resistencia), CO ART (C\u00f3rdoba), CRUDO (Rosario), El Vivero (Corrientes), Fausto Galer\u00eda (Tucum\u00e1n), FUNDACI\u00d3N KUNAYAN (CABA), Galer\u00edas Bonaerenses (Provincia de Buenos Aires), Galer\u00eda Chorizo (Chaco), Galer\u00eda de arte local 15 (Santa Fe), GARRA (Chaco\/Corrientes), La C\u00fapula (C\u00f3rdoba), LUR Galer\u00eda de arte (Chaco), Musgo (Buenos Aires), Noni Andresen (Chaco), Sasha D Espacio de arte (C\u00f3rdoba | CABA), ORTO Galer\u00eda de Arte del Litoral (Corrientes), Primor (Capital Federal), QUORUM (CABA), Serna Galer\u00eda (Tucum\u00e1n), Taller Inminente (Santa Fe), WE (Chaco) y YUYAL (Chaco)<\/p>\n\n\n\n<p><strong>Proyectos art\u00edsticos<\/strong><\/p>\n\n\n\n<p>ASTRA (Corrientes), Entrelazos (Corrientes), Galp\u00f3n 20.99 (San Miguel de Tucum\u00e1n), Miel y Hueso &amp; Deficiente (Asunci\u00f3n, Py), P\u00f3lvora (CABA), Proyecto MESA (Corrientes\/Chaco), Proyecto Rizom\u00e1tica (Misiones), Ra\u00edces (Paso de los Libres).<\/p>\n\n\n\n<p><strong>Colectivos art\u00edsticos<\/strong><\/p>\n\n\n\n<p>500 el liso (Santa Fe), A todo barro (Curitiba, Br.), Colectivo Trama (Asunci\u00f3n, Py), Cr\u00e1neo y pelos (Santa Fe), Cultural el Athletic (Chaco), Guaran\u00edpolis (Ctes.\/Chaco\/Pcia. Bs. As.), Iber\u00e1 Memoria del Mundo (Corrientes), La Dealer Colectivo (Santa Fe), Mbopar\u00e1 (Corrientes\/Chaco), Natureza Geom\u00e9trica (Curitiba, Br.), MOIRAS (Santa Fe), Pasionaria- Colectivo de artes (Ctes.\/Chaco\/Fsa.), Proyecto Orillarte (Chaco) y Sangre Guaran\u00ed (Corrientes).<\/p>\n\n\n\n<p><strong>PROGRAMACI\u00d3N ARTECO 2025<\/strong>&nbsp;<\/p>\n\n\n\n<p><strong>Mi\u00e9rcoles 21 de mayo<\/strong><\/p>\n\n\n\n<p>9 a 13 y 15 a 19. Encuentro ArteCo 2025 | Sal\u00f3n Azul CCU UNNE | C\u00f3rdoba 794, 1\u00b0 piso. Actividad libre y gratuita con inscripci\u00f3n previa.<\/p>\n\n\n\n<p>Charlas e intercambio de conocimientos y experiencias en el campo del arte contempor\u00e1neo.<\/p>\n\n\n\n<ul class=\"wp-block-list\">\n<li>9 hs. Instagram para artistas y gestores culturales | Jana Fanjul | Hijas del Arte<\/li>\n\n\n\n<li>10 hs. Filmar la experiencia \/ La experiencia de filmar. El cine de Juan Ignacio Slobayen<\/li>\n\n\n\n<li>10.40 hs. Receso<\/li>\n\n\n\n<li>11 hs. El valor del [y en el] mercado del arte por Juan Andrada<\/li>\n\n\n\n<li>13 hs. Receso<\/li>\n\n\n\n<li>15 hs. Gesti\u00f3n de proyectos art\u00edsticos. Formaci\u00f3n y circulaci\u00f3n de la producci\u00f3n por Ra\u00fal Flores | Museo Moderno (CABA) y Yungas Arte Contempor\u00e1neo<\/li>\n\n\n\n<li>16 hs. Del Tesoro ancestral al Objeto Contempor\u00e1neo por Victoria Mart\u00ednez Zurbano\u00a0<\/li>\n\n\n\n<li>17 hs. La experiencia de internacionalizaci\u00f3n del arte argentino por Sergio Baur | Academia Nacional de Bellas Artes<\/li>\n<\/ul>\n\n\n\n<p><strong>CIRCUITO ARTECO<\/strong><\/p>\n\n\n\n<p><strong>21. Inauguraci\u00f3n exposici\u00f3n \u201cLitoralidad\u201d \u2013 La De\u00edxis x El Vivero | Espacio Mari\u00f1o | Santa Fe 847&nbsp;<\/strong><\/p>\n\n\n\n<p>Jonatan Fern\u00e1ndez| Leti Galeano| Andre Rolon| Cecilia Avati| James Muriel| Sandra Dinnendahl L\u00f3pez&nbsp;<\/p>\n\n\n\n<p>Curadur\u00eda: Juli\u00e1n Barreto | Alejandro Vallejos<\/p>\n\n\n\n<p><strong>Jueves 22 de mayo<\/strong><\/p>\n\n\n\n<p><strong>Galer\u00eda Col\u00f3n | 9 de Julio 1184<\/strong><\/p>\n\n\n\n<p><strong>16.&nbsp;<\/strong>Apertura al p\u00fablico<\/p>\n\n\n\n<p><strong>16<\/strong>. Taller de arte para ni\u00f1os \u201cDescubriendo el Yvera: el agua que brilla\u201d | 5\u00b0 piso<\/p>\n\n\n\n<p><strong>19.<\/strong>&nbsp;Inauguraci\u00f3n oficial ArteCo 2025&nbsp;<\/p>\n\n\n\n<p><strong>20.<\/strong>&nbsp;Orquesta Sinf\u00f3nica de Corrientes Jazz Big Band |4\u00b0 piso<\/p>\n\n\n\n<p><strong>18 a 21.&nbsp;Festival PLAY &#8211; videoarte y cine experimental| 4\u00b0 piso&nbsp;<\/strong><\/p>\n\n\n\n<p>\u201cPaseo\u201d &#8211; Leonel Vidaurre | \u201cSanto Rey\u201d &#8211; Fernando Cattaneo | \u201cSantos Ruteros\u201d &#8211; Juan Ignacio Slobayen | \u201cVistas\u201d &#8211; Juan Ignacio Slobayen |\u201cUna sola palabra\u201d &#8211; Lucas Olivares | \u201cCapilla del diablo\u201d &#8211; Nicolas De Bortoli | \u201cLucrecia\u201d &#8211; Romina Luz Garay | \u201cToda la luz mala\u201d &#8211; Carolina Schaller| \u201cPostales sonoras\u201d &#8211; Julia Rossetti| \u201cRetro litoral visions\u201d- Tomas Barrios | Curadur\u00eda: Maia Navas<\/p>\n\n\n\n<p>Planta Baja + 1\u00b0 piso | Galer\u00edas de arte<\/p>\n\n\n\n<p>2\u00b0 piso | Proyectos y Colectivos Art\u00edsticos<\/p>\n\n\n\n<p>3\u00b0 Artistas individuales | ASGAPA<\/p>\n\n\n\n<p>4\u00b0 | \u201cCamalote Artesan\u00eda contempor\u00e1nea del Iber\u00e1\u201d muestra de Artesanos del Iber\u00e1 con curadur\u00eda de Hada Irastorza y apoyo de Puerto Valle Hotel de Esteros + Tienda editorial x Azogue Libros y Moglia Ediciones + El Viento nos amontona + Tienda R\u00edo + Jacqueline Fern\u00e1ndez + Gastronom\u00eda<\/p>\n\n\n\n<p>5\u00b0 Muestra \u201cEl Ni\u00f1o Interior\u201d por Daniela Almeida y alumnos de 2\u00b0 grado del Colegio Mecenas y la Escuela 51 de Santa Ana&nbsp;+ SUSTI | Auditorio | Espacio actividades para p\u00fablico familiar<\/p>\n\n\n\n<p><strong>CIRCUITO ARTECO&nbsp;<\/strong><\/p>\n\n\n\n<p><strong>21 hs. Inauguraci\u00f3n en Museo de Artesan\u00edas Tradicionales | Quintana 905&nbsp;<\/strong><\/p>\n\n\n\n<p>Exposici\u00f3n \u201cLa inmortalidad de la memoria\u201d de Desire\u00e9 de Ridder (Buenos Aires) |Artista invitada | Curadur\u00eda por Gustavo Insaurralde&nbsp;<\/p>\n\n\n\n<p>Exposici\u00f3n \u201cInmanencia Latente\u201d de Karina Amadori (Curitiba) |Artista invitada| Curadur\u00eda por Gustavo Insaurralde&nbsp;<\/p>\n\n\n\n<p><strong>21 hs. Inauguraci\u00f3n Museo Antropol\u00f3gico y Arqueol\u00f3gico Ex Casa Mart\u00ednez | Quintana 971&nbsp;<\/strong><\/p>\n\n\n\n<p>Exposici\u00f3n \u201cConfesiones del tiempo\u201d de Alfredo Mu\u00f1oz (Salta) |Artista invitado| Curadur\u00eda por Gustavo Insaurralde<\/p>\n\n\n\n<p><strong>21 hs. Club del Sync | Espacio Mari\u00f1o | Santa Fe 847<\/strong><\/p>\n\n\n\n<p>Ciclo para aprender, conocer, experimentar y difundir el movimiento de m\u00fasica electr\u00f3nica<\/p>\n\n\n\n<p><strong>Viernes 23 de mayo<\/strong><\/p>\n\n\n\n<p><strong>Galer\u00eda Col\u00f3n | 9 de Julio 1184<\/strong><\/p>\n\n\n\n<p><strong>14 hs.<\/strong>&nbsp;Apertura ArteCo<\/p>\n\n\n\n<p><strong>14 hs.<\/strong>&nbsp;Taller de arte para ni\u00f1os \u201cDescubriendo el Yvera: el agua que brilla\u201d | 5\u00b0 piso<\/p>\n\n\n\n<p><strong>14 a 20 hs.<\/strong>&nbsp;<strong>Festival PLAY &#8211; videoarte y cine experimental | 4\u00b0 piso<\/strong><\/p>\n\n\n\n<p>\u201cPaseo\u201d &#8211; Leonel Vidaurre | \u201cSanto Rey\u201d &#8211; Fernando Cattaneo | \u201cSantos Ruteros\u201d &#8211; Juan Ignacio Slobayen| \u201cVistas\u201d &#8211; Juan Ignacio Slobayen| \u201cUna sola palabra\u201d &#8211; Lucas Olivares| \u201cCapilla del diablo\u201d &#8211; Nicolas De Bortoli| \u201cLucrecia\u201d &#8211; Romina Luz Garay| \u201cToda la luz mala\u201d &#8211; Carolina Schaller| \u201cPostales sonoras\u201d &#8211; Julia Rossetti| \u201cRetro litoral visions\u201d- Tomas Barrios| Curadur\u00eda: Maia Navas<\/p>\n\n\n\n<p><strong>16 hs.<\/strong>&nbsp;Charla \u201cVivir y crear desde el monte\u201d x Sergio \u201cPanter\u201d Alegre Orto Galer\u00eda | Auditorio 5\u00b0 piso<\/p>\n\n\n\n<p><strong>17 hs.<\/strong>&nbsp;Presentaci\u00f3n libro \u201cHechizo Natal, una mirada sobre el arte correntino contempor\u00e1neo\u201d de Carlos Lezcano y Fernanda Toccalino | Auditorio 5\u00b0 piso<\/p>\n\n\n\n<p><strong>20 hs<\/strong>.<strong>&nbsp;Festival ArteSo 3\u00b0 edici\u00f3n<\/strong>&nbsp;|<strong>&nbsp;4\u00b0 piso<\/strong><\/p>\n\n\n\n<p>1\u00b0 Concierto audiovisual AMANEA |Joaquin Pedretti y Agustina Wetzel| Curaduria: Julia Rossetti y Martin Sandoval<\/p>\n\n\n\n<p><strong>21 hs.<\/strong>&nbsp;Concierto de Nahuel Pennisi | Calle 9 de Julio<\/p>\n\n\n\n<p>Planta Baja + 1\u00b0 piso | Galer\u00edas de arte<\/p>\n\n\n\n<p>2\u00b0 piso | Proyectos y Colectivos Art\u00edsticos<\/p>\n\n\n\n<p>3\u00b0 Artistas individuales | ASGAPA<\/p>\n\n\n\n<p>4\u00b0 | Camalote Artesan\u00eda contempor\u00e1nea del Iber\u00e1 con curadur\u00eda de Hada Irastorza y apoyo de Puerto Valle Hotel de Esteros + Tienda editorial x Azogue Libros y Moglia Ediciones + El Viento nos amontona + Tienda R\u00edo + Jacqueline Fern\u00e1ndez + Gastronom\u00eda<\/p>\n\n\n\n<p>5\u00b0 Muestra \u201cEl Ni\u00f1o Interior\u201d por Daniela Almeida y alumnos de 2\u00b0 grado del Colegio Mecenas y la Escuela 51 de Santa Ana&nbsp;+ SUSTI | Auditorio | Espacio actividades para p\u00fablico familiar<\/p>\n\n\n\n<p><strong>CIRCUITO ARTECO&nbsp;<\/strong><\/p>\n\n\n\n<p><strong>La Alondra | Avenida 3 de Abril 827 | 11 a 21 hs.<\/strong><\/p>\n\n\n\n<p>Exhibici\u00f3n &#8220;Mbeju Rova&#8221; de Marcos Ben\u00edtez<\/p>\n\n\n\n<p><strong>Sala del Sol | Centro Cultural Universitario UNNE | C\u00f3rdoba y 9 de Julio |&nbsp;Lun a Vie 9 a 12 hs. y 16 a 20 hs.<\/strong><\/p>\n\n\n\n<p>Exposici\u00f3n colectiva \u201c\u00d1e\u2019? raity\u201d<\/p>\n\n\n\n<p>Richar de Itat\u00ed| Lupicia Escobar| Guag\u00fcita| Jos\u00e9 Solari| Luisina Montesino| Milagros Sena| Karaya| Agustina Soria&nbsp;<\/p>\n\n\n\n<p>Curadur\u00eda: Agustina Soria<\/p>\n\n\n\n<p><strong>10 hs. Inauguraci\u00f3n en Museo de Bellas Artes \u201cDr. Juan R. Vidal\u201d | San Juan 634 | 8 a 12 hs y 16 a 20 hs.<\/strong><\/p>\n\n\n\n<p>Exposici\u00f3n \u201cExpresiones del Paye\u201d en sala \u201cJos\u00e9 Negro\u201d |Curadur\u00eda por Daniela Russo Casco&nbsp;<\/p>\n\n\n\n<p>Jos\u00e9 Mizdraji, Elsa Elena G\u00f3mez Morilla, Manuel G\u00f3mez Sierra, An\u00edsima, Cristian Badar\u00f3, Norma Capponcelli, Virginia Raso Montes, Estrella Molina Yanguas, Amado H. Puyau, Hugo Armando Calvo, Jos\u00e9 Negro, Justa D\u00edaz de Vivar, Antonio P. Ballerini, Luis Niveiro, Rolando D\u00edaz Cabral, Gregorio Cabrera, Juan Carlos Soto, Juan Pablo Silva Alem\u00e1n, Mauro Santamar\u00eda, Leo Almada, Rodolfo Schenone, Carlos A. Longa, Mati Obreg\u00f3n, Ulises B\u00e9rtoli y M\u00e1ximo Vargas G\u00f3mez<\/p>\n\n\n\n<p>Exposici\u00f3n \u201cCorrientes tiene que Paye Pop\u201d de Febe Defelipe (Bs. As.) en sala \u201cJusta D\u00edaz de Vivar\u201d | Curadur\u00eda por Julio S\u00e1nchez Baroni<\/p>\n\n\n\n<p>Exposici\u00f3n \u201cDivinidad, en la Tierra como en el Cielo\u201d de Gustavo Mendoza y Juan Pablo Arias en sala \u201cElo\u00edsa Torrent\u201d&nbsp;<\/p>\n\n\n\n<p>Exposici\u00f3n \u201cMandu\u2019a\u201d joyas de orfebrer\u00eda de Alicia Esquivel en sala Biblioteca | Curadur\u00eda de Fernanda Toccalino<\/p>\n\n\n\n<p><strong>11 hs. Inauguraci\u00f3n<\/strong>&nbsp;<strong>Centro de Interpretaci\u00f3n del Chamam\u00e9 Casa \u00d1anderek\u00f3 | 25 de Mayo 1141 | Lun a Vie 8 a 12 hs y 16 a 20 hs.&nbsp;<\/strong><\/p>\n\n\n\n<p>Exhibici\u00f3n de Christiano Junior | Fotograf\u00edas + Selecci\u00f3n de obras de artistas contempor\u00e1neos Fernando Cattaneo| Cristian Dami\u00e1n Cochia| Alicia Esquivel| Diego Gon| Flor Meyer<\/p>\n\n\n\n<p>\u201cTerritorio en transici\u00f3n&#8221;&nbsp;<\/p>\n\n\n\n<p>Curadur\u00eda: Cecilia Jaime<\/p>\n\n\n\n<p>Organizan: Fundaci\u00f3n Proa &#8211; Buenos Aires | Instituto de Cultura de Corrientes<\/p>\n\n\n\n<p><strong>12 hs.&nbsp; Inauguraci\u00f3n<\/strong>&nbsp;<strong>Sal\u00f3n de los Pasos perdidos Legislatura de Corrientes | Salta 545 | 23 al 25 de mayo de 14 a 21.<\/strong><\/p>\n\n\n\n<p>Exposiciones &#8220;Dos maestros, dos mundos. Memoria y legado&#8221;. Homenajes a Lucho Olivera y Luis Llarens | Curadur\u00eda por Luis Bogado&nbsp;<\/p>\n\n\n\n<p><strong>17 a 21 hs. Instituto de Cultura de Corrientes | San Juan 546 |&nbsp;<\/strong><\/p>\n\n\n\n<p>Exposici\u00f3n \u00d1ande Arte: El legado<\/p>\n\n\n\n<p>&#8220;Multiverso&#8221;- Ail\u00e9n Navarro| \u201cLos Esteros seg\u00fan Huga\u201d- Gonzalo Hugo| \u201cArgentinidad\u201d- Agustina Nadal| \u201cInstante de Identidad\u201d-Nicol\u00e1s Garc\u00eda| \u201cEl Modulor\u201d- Jos\u00e9 Kura| &#8220;Edid MuralArte&#8221;- Edid Mart\u00ednez| Sin t\u00edtulo- Juan Pablo Solari| \u201cChicharras, metamorfosis, siesta\u201d- Virginia Schauvinhold| &#8220;El Lenguaje de la Fe&#8221;-Romina Borelli | \u201cNi\u00f1a fuego\u201d- Gabriela Aguado| Sin t\u00edtulo- Guadalupe Morlio| \u201cExperimentaci\u00f3n\u201d- Marcos Kura| \u201cSerie animales del Iber\u00e1 y peces de mi r\u00edo\u201d- Jos\u00e9 Mizdraji| Sin t\u00edtulo- Marcos Billordo<\/p>\n\n\n\n<p><strong>21 hs. Resonancia en ArteCo | Espacio Mari\u00f1o | Santa Fe 847<\/strong><\/p>\n\n\n\n<p><strong>Muestra Cauces Sonoros<\/strong><\/p>\n\n\n\n<p>Jaxmin| Zulema Romero Meneses| Jaqueline Romero| Nicol\u00e1s Ojeda<\/p>\n\n\n\n<p><strong>Shows en vivo<\/strong><\/p>\n\n\n\n<p>SON1D1T1 (Paraguay)| MORDISCO| WA2<\/p>\n\n\n\n<p><strong>21 hs.<\/strong>&nbsp;Concierto Nahuel Penisi entrada libre y gratuita. Locaci\u00f3n a confirmar<\/p>\n\n\n\n<p><strong>23 hs. Inauguraci\u00f3n<\/strong>&nbsp;<strong>MECA | Orto Galer\u00eda | Espa\u00f1a 1559&nbsp;&nbsp;<\/strong><\/p>\n\n\n\n<p>Exposici\u00f3n colectiva \u201cLa Caja de Pandora\u201d | Lukas Alien\u00edgena &#8211; Sof\u00eda Arbol- Germ\u00e1n Wendel- Juan Garibaldi- Cristian Badaro- Jarumi Nishishinya- Mariela Nieto<\/p>\n\n\n\n<p><strong>00 hs.<\/strong>&nbsp;<strong>MECA | Orto Galer\u00eda | Espa\u00f1a 1559&nbsp;&nbsp;<\/strong><\/p>\n\n\n\n<p>Fiesta de Pandora | Galer\u00eda Sonora DJ Set<\/p>\n\n\n\n<p>Li4n|Mvstio|Ernest<\/p>\n\n\n\n<p><strong>S\u00e1bado 24 de mayo<\/strong><\/p>\n\n\n\n<p><strong>Galer\u00eda Col\u00f3n | 9 de Julio 1184<\/strong><\/p>\n\n\n\n<p><strong>14.<\/strong>&nbsp;Apertura ArteCo<\/p>\n\n\n\n<p><strong>14.<\/strong>&nbsp;Taller de arte para ni\u00f1os \u201cDescubriendo el Yvera: el agua que brilla\u201d | 5\u00b0 piso<\/p>\n\n\n\n<p><strong>14 a 20.<\/strong>&nbsp;<strong>Festival PLAY &#8211; videoarte y cine experimental |4\u00b0 piso<\/strong><\/p>\n\n\n\n<p>\u201cPaseo\u201d &#8211; Leonel Vidaurre| \u201cSanto Rey\u201d &#8211; Fernando Cattaneo| \u201cSantos Ruteros\u201d &#8211; Juan Ignacio Slobayen| \u201cVistas\u201d &#8211; Juan Ignacio Slobayen| \u201cUna sola palabra\u201d &#8211; Lucas Olivares| \u201cCapilla del diablo\u201d &#8211; Nicolas De Bortoli| \u201cLucrecia\u201d &#8211; Romina Luz Garay| \u201cToda la luz mala\u201d &#8211; Carolina Schaller| \u201cPostales sonoras\u201d &#8211; Julia Rossetti| \u201cRetro litoral visions\u201d- Tomas Barrios| Curadur\u00eda: Maia Navas&nbsp;<\/p>\n\n\n\n<p><strong>17 hs.&nbsp;<\/strong>&nbsp;Experiencia inmersiva \u201cUn pedacito del Impenetrable\u201d x Fundaci\u00f3n Rewilding | Auditorio 5\u00b0 piso<\/p>\n\n\n\n<p><strong>18 hs.<\/strong>&nbsp;Presentaci\u00f3n Cat\u00e1logo Razonado Colecciones de Felix Bunge y Octavio G\u00f3mez por Luis Bogado | Auditorio 5\u00b0 piso<\/p>\n\n\n\n<p><strong>19 hs.<\/strong>&nbsp;Anuncio de premios y adquisiciones ArteCo 2025 | x piso<\/p>\n\n\n\n<p><strong>19 hs.<\/strong>&nbsp;Taller \u201cLas emociones\u201d por Daniela Almeida | 5\u00b0 piso<\/p>\n\n\n\n<p><strong>20 hs.<\/strong>&nbsp;<strong>Festival ArteSo 3\u00b0 edici\u00f3n<\/strong>&nbsp;<strong>| 4\u00b0 piso<\/strong><\/p>\n\n\n\n<p>2\u00b0 Concierto audiovisual Lucas Olivares, Jazmin Cabrera y Pablo Tissembaum | Curaduria: Julia Rossetti y Martin Sandoval<\/p>\n\n\n\n<p>Planta Baja + 1\u00b0 piso | Galer\u00edas de arte<\/p>\n\n\n\n<p>2\u00b0 piso | Proyectos y Colectivos Art\u00edsticos<\/p>\n\n\n\n<p>3\u00b0 Artistas individuales | ASGAPA<\/p>\n\n\n\n<p>4\u00b0 | Camalote Artesan\u00eda contempor\u00e1nea del Iber\u00e1 con curadur\u00eda de Hada Irastorza y apoyo de Puerto Valle Hotel de Esteros + Tienda editorial x Azogue Libros y Moglia Ediciones + El Viento nos amontona + Tienda R\u00edo + Jacqueline Fern\u00e1ndez + Gastronom\u00eda<\/p>\n\n\n\n<p>5\u00b0 Muestra \u201cEl Ni\u00f1o Interior\u201d por Daniela Almeida y alumnos de 2\u00b0 grado del Colegio Mecenas y la Escuela 51 de Santa Ana&nbsp;+ SUSTI | Auditorio | Espacio actividades para p\u00fablico familiar<\/p>\n\n\n\n<p><strong>CIRCUITO ARTECO 2025<\/strong><\/p>\n\n\n\n<p><strong>9 a 12 hs. y 17 a 21 hs. Instituto de Cultura de Corrientes | San Juan 546&nbsp;<\/strong><\/p>\n\n\n\n<p>Exposici\u00f3n \u00d1ande Arte: El legado<\/p>\n\n\n\n<p>&#8220;Multiverso&#8221;- Ail\u00e9n Navarro| \u201cLos Esteros seg\u00fan Huga\u201d- Gonzalo Hugo| \u201cArgentinidad\u201d- Agustina Nadal| \u201cInstante de Identidad\u201d-Nicol\u00e1s Garc\u00eda| \u201cEl Modulor\u201d- Jos\u00e9 Kura| &#8220;Edid MuralArte&#8221;- Edid Mart\u00ednez| Sin t\u00edtulo- Juan Pablo Solari| \u201cChicharras, metamorfosis, siesta\u201d- Virginia Schauvinhold| &#8220;El Lenguaje de la Fe&#8221;-Romina Borelli | \u201cNi\u00f1a fuego\u201d- Gabriela Aguado| Sin t\u00edtulo- Guadalupe Morlio| \u201cExperimentaci\u00f3n\u201d- Marcos Kura| \u201cSerie animales del Iber\u00e1 y peces de mi r\u00edo\u201d- Jos\u00e9 Mizdraji| Sin t\u00edtulo- Marcos Billordo<\/p>\n\n\n\n<p><strong>MECA | Orto Galer\u00eda | Espa\u00f1a 1559 | 9 a 11:30 hs. y 20 a 02 AM.<\/strong><\/p>\n\n\n\n<p>Exposici\u00f3n&nbsp;colectiva \u201cLa Caja de Pandora\u201d<\/p>\n\n\n\n<p><strong>20 a 00 hs.&nbsp;<\/strong>&nbsp;<strong>MECA | Orto Galer\u00eda | Espa\u00f1a 1559<\/strong><\/p>\n\n\n\n<p>Galer\u00eda abierta. Bar, gastronom\u00eda, m\u00fasica y arte.&nbsp;<\/p>\n\n\n\n<p>Proyecto art\u00edstico musical Grupo WE (Paraguay)<\/p>\n\n\n\n<p><strong>El Vivero | Espacio Mari\u00f1o | Santa Fe 847 | 20 a 00 hs.<\/strong><\/p>\n\n\n\n<p>\u201cLitoralidad\u201d \u2013 La De\u00edxis x El Vivero<\/p>\n\n\n\n<p>Jonatan Fern\u00e1ndez| Leti Galeano| Andre Rolon| Cecilia Avati| James Muriel| Sandra Dinnendahl L\u00f3pez&nbsp;<\/p>\n\n\n\n<p>Curadur\u00eda: Juli\u00e1n Barreto | Alejandro Vallejos<\/p>\n\n\n\n<p><strong>23 hs. AfterCo &#8211; Fiesta Asalto Manyin | Espacio Mari\u00f1o | Santa Fe 847<\/strong><\/p>\n\n\n\n<p><strong>DJs<\/strong><\/p>\n\n\n\n<p>NNIOL| ERNEST| SETSOL &amp; VERA KIBUM<\/p>\n\n\n\n<p><strong>VJ<\/strong>&nbsp;JIP!<\/p>\n","protected":false},"excerpt":{"rendered":"<p>Con programaci\u00f3n actualizada, comienza la cuenta regresiva para la s\u00e9ptima edici\u00f3n de Arteco que, del 22 al 25 de mayo, recibir\u00e1 al p\u00fablico en la Galer\u00eda Col\u00f3n con acceso libre&hellip; <\/p>\n","protected":false},"author":8,"featured_media":208466,"comment_status":"closed","ping_status":"open","sticky":false,"template":"","format":"standard","meta":{"footnotes":""},"categories":[1],"tags":[],"class_list":["post-208465","post","type-post","status-publish","format-standard","has-post-thumbnail","hentry","category-informacion-general"],"_links":{"self":[{"href":"https:\/\/corrientesdetarde.com\/index.php\/wp-json\/wp\/v2\/posts\/208465","targetHints":{"allow":["GET"]}}],"collection":[{"href":"https:\/\/corrientesdetarde.com\/index.php\/wp-json\/wp\/v2\/posts"}],"about":[{"href":"https:\/\/corrientesdetarde.com\/index.php\/wp-json\/wp\/v2\/types\/post"}],"author":[{"embeddable":true,"href":"https:\/\/corrientesdetarde.com\/index.php\/wp-json\/wp\/v2\/users\/8"}],"replies":[{"embeddable":true,"href":"https:\/\/corrientesdetarde.com\/index.php\/wp-json\/wp\/v2\/comments?post=208465"}],"version-history":[{"count":1,"href":"https:\/\/corrientesdetarde.com\/index.php\/wp-json\/wp\/v2\/posts\/208465\/revisions"}],"predecessor-version":[{"id":208467,"href":"https:\/\/corrientesdetarde.com\/index.php\/wp-json\/wp\/v2\/posts\/208465\/revisions\/208467"}],"wp:featuredmedia":[{"embeddable":true,"href":"https:\/\/corrientesdetarde.com\/index.php\/wp-json\/wp\/v2\/media\/208466"}],"wp:attachment":[{"href":"https:\/\/corrientesdetarde.com\/index.php\/wp-json\/wp\/v2\/media?parent=208465"}],"wp:term":[{"taxonomy":"category","embeddable":true,"href":"https:\/\/corrientesdetarde.com\/index.php\/wp-json\/wp\/v2\/categories?post=208465"},{"taxonomy":"post_tag","embeddable":true,"href":"https:\/\/corrientesdetarde.com\/index.php\/wp-json\/wp\/v2\/tags?post=208465"}],"curies":[{"name":"wp","href":"https:\/\/api.w.org\/{rel}","templated":true}]}}