{"id":208596,"date":"2025-05-20T09:19:38","date_gmt":"2025-05-20T12:19:38","guid":{"rendered":"https:\/\/corrientesdetarde.com\/?p=208596"},"modified":"2025-05-20T09:20:09","modified_gmt":"2025-05-20T12:20:09","slug":"buscan-a-dos-menores-una-escapo-del-hospital-pediatrico","status":"publish","type":"post","link":"https:\/\/corrientesdetarde.com\/index.php\/policiales\/buscan-a-dos-menores-una-escapo-del-hospital-pediatrico\/","title":{"rendered":"Buscan a dos menores, una escap\u00f3 del Hospital Pedi\u00e1trico"},"content":{"rendered":"\n<p>La menor identificada como Xiomara Ayelen Galeano (de 14 a\u00f1os) se ausent\u00f3 del &#8220;Hogar Mar\u00eda de Nazareth&#8221; desde la tarde de ayer, dando intervenci\u00f3n de \u00e9sta situaci\u00f3n tambi\u00e9n a la fiscal\u00eda de Investigaci\u00f3n en turno.\u00a0<\/p>\n\n\n<div class=\"wp-block-image\">\n<figure class=\"alignleft\"><img decoding=\"async\" src=\"https:\/\/www.radiodos.com.ar\/content\/bucket\/2\/262122w380h312c.jpg.webp\" alt=\"\"\/><\/figure>\n<\/div>\n\n\n<p>Sus caracter\u00edsticas f\u00edsicas son las siguientes: 1,57 aproximadamente de estatura, contextura robusta, t\u00e9s trigue\u00f1a, ojos de color marr\u00f3n, cabellos cortos oscuros tipo lacio por los hombros.<\/p>\n\n\n\n<p>VESTIA: campera negra, calza larga negra y zapatilla negra.&nbsp;<\/p>\n\n\n\n<p><\/p>\n\n\n\n<p><\/p>\n\n\n\n<p><strong>Del Hospital Pedi\u00e1trico<\/strong><\/p>\n\n\n<div class=\"wp-block-image\">\n<figure class=\"alignright\"><img decoding=\"async\" src=\"https:\/\/www.radiodos.com.ar\/content\/bucket\/3\/262123w380h251c.png.webp\" alt=\"\"\/><\/figure>\n<\/div>\n\n\n<p>Otra adolescente, identificada como Geraldine Ayala (15 a\u00f1os) se ausent\u00f3 del Hospital Juan Pablo II, dando intervenci\u00f3n de \u00e9sta situaci\u00f3n tambi\u00e9n a la fiscal\u00eda de Investigaci\u00f3n en turno.&nbsp;<\/p>\n\n\n\n<p>Sus caracter\u00edsticas f\u00edsicas son las siguientes: 1,50 aproximadamente de estatura, contextura delgada, t\u00e9s morena, ojos de color marr\u00f3n claro, cabellos cortos oscuros tipo lacio por los hombros. VESTIA: campera negra, remera mangas largas color verde, jeans color claro y ojotas color rosado.&nbsp;<\/p>\n\n\n\n<p>&nbsp; Es por ello, que independientemente de la labor de b\u00fasqueda que \u00e9sta realizando la Polic\u00eda, se solicita la colaboraci\u00f3n a los distintos medios period\u00edsticos para su publicaci\u00f3n y de esa manera dar a conocer a la poblaci\u00f3n en general, para que aquellas personas que puedan aportar datos ciertos y que ayuden a lograr encontrar a la menor, puedan hacerlo ante la citada Comisar\u00eda Primera de la Mujer y del Menor 4-432913; o la Dependencia Policial m\u00e1s cercana a su domicilio y\/o comunicarse al n\u00famero telef\u00f3nico gratuito del Sistema Integral de Seguridad (S.I.S.) 911 en la Capital y 101 en el Interior Provincial.&nbsp;<\/p>\n","protected":false},"excerpt":{"rendered":"<p>La menor identificada como Xiomara Ayelen Galeano (de 14 a\u00f1os) se ausent\u00f3 del &#8220;Hogar Mar\u00eda de Nazareth&#8221; desde la tarde de ayer, dando intervenci\u00f3n de \u00e9sta situaci\u00f3n tambi\u00e9n a la&hellip; <\/p>\n","protected":false},"author":1,"featured_media":208604,"comment_status":"closed","ping_status":"open","sticky":false,"template":"","format":"standard","meta":{"footnotes":""},"categories":[33],"tags":[],"class_list":["post-208596","post","type-post","status-publish","format-standard","has-post-thumbnail","hentry","category-policiales"],"_links":{"self":[{"href":"https:\/\/corrientesdetarde.com\/index.php\/wp-json\/wp\/v2\/posts\/208596","targetHints":{"allow":["GET"]}}],"collection":[{"href":"https:\/\/corrientesdetarde.com\/index.php\/wp-json\/wp\/v2\/posts"}],"about":[{"href":"https:\/\/corrientesdetarde.com\/index.php\/wp-json\/wp\/v2\/types\/post"}],"author":[{"embeddable":true,"href":"https:\/\/corrientesdetarde.com\/index.php\/wp-json\/wp\/v2\/users\/1"}],"replies":[{"embeddable":true,"href":"https:\/\/corrientesdetarde.com\/index.php\/wp-json\/wp\/v2\/comments?post=208596"}],"version-history":[{"count":1,"href":"https:\/\/corrientesdetarde.com\/index.php\/wp-json\/wp\/v2\/posts\/208596\/revisions"}],"predecessor-version":[{"id":208607,"href":"https:\/\/corrientesdetarde.com\/index.php\/wp-json\/wp\/v2\/posts\/208596\/revisions\/208607"}],"wp:featuredmedia":[{"embeddable":true,"href":"https:\/\/corrientesdetarde.com\/index.php\/wp-json\/wp\/v2\/media\/208604"}],"wp:attachment":[{"href":"https:\/\/corrientesdetarde.com\/index.php\/wp-json\/wp\/v2\/media?parent=208596"}],"wp:term":[{"taxonomy":"category","embeddable":true,"href":"https:\/\/corrientesdetarde.com\/index.php\/wp-json\/wp\/v2\/categories?post=208596"},{"taxonomy":"post_tag","embeddable":true,"href":"https:\/\/corrientesdetarde.com\/index.php\/wp-json\/wp\/v2\/tags?post=208596"}],"curies":[{"name":"wp","href":"https:\/\/api.w.org\/{rel}","templated":true}]}}