{"id":208614,"date":"2025-05-20T09:51:43","date_gmt":"2025-05-20T12:51:43","guid":{"rendered":"https:\/\/corrientesdetarde.com\/?p=208614"},"modified":"2025-05-20T09:51:47","modified_gmt":"2025-05-20T12:51:47","slug":"efemerides-del-20-de-mayo","status":"publish","type":"post","link":"https:\/\/corrientesdetarde.com\/index.php\/informacion-general\/efemerides-del-20-de-mayo\/","title":{"rendered":"Efem\u00e9rides del 20 de mayo"},"content":{"rendered":"\n<p>Cada 20 de mayo se celebran y conmemoran fechas que marcaron un antes y un despu\u00e9s tanto en Argentina como en el mundo.<\/p>\n\n\n\n<p><\/p>\n\n\n\n<p><strong>1506<\/strong>&nbsp;&#8211;&nbsp;<strong>CRIST\u00d3BAL COL\u00d3N<\/strong>. A la edad de 54 a\u00f1os muere en la ciudad espa\u00f1ola de Valladolid el cart\u00f3grafo y navegante genov\u00e9s Crist\u00f3bal Col\u00f3n, primer marino en trazar una ruta de viaje desde Europa a Am\u00e9rica por el oc\u00e9ano Atl\u00e1ntico. Hizo cuatro viajes desde Espa\u00f1a a las Indias, como se llam\u00f3 a Am\u00e9rica hasta 1507.<\/p>\n\n\n\n<p><strong>1591<\/strong>&nbsp;&#8211;&nbsp;<strong>FUNDACI\u00d3N DE LA RIOJA.<\/strong>&nbsp;El conquistador espa\u00f1ol Juan Ram\u00edrez de Velasco funda la ciudad de Todos los Santos de La Nueva Rioja, la actual capital riojana.Ram\u00edrez de Velazco era oriundo de la regi\u00f3n espa\u00f1ola de La Rioja.<\/p>\n\n\n\n<p><strong>1780<\/strong>&nbsp;&#8211;&nbsp;<strong>BERNARDINO RIVADAVIA<\/strong>. Un 20 de mayo nace en Buenos Aires el pol\u00edtico Bernardino Rivadavia,&nbsp; primer jefe de Estado de las Provincias Unidas del R\u00edo de la Plata, cargo que ocup\u00f3 entre 1826 y 1827.<\/p>\n\n\n\n<figure class=\"wp-block-image\"><img decoding=\"async\" src=\"https:\/\/billiken.lat\/wp-content\/uploads\/2025\/05\/cuerpo-28-1.jpg\" alt=\"efem\u00e9rides del 20 de mayo Bernardino Rivadavia\" class=\"wp-image-110220\"\/><\/figure>\n\n\n\n<p><strong>1897<\/strong>&nbsp;&#8211;&nbsp;<strong>DIEGO A. DE SANTILL\u00c1N<\/strong>. Nace en el municipio de Reyero (Le\u00f3n, Espa\u00f1a) el periodista e historiador espa\u00f1ol Diego Abad de Santill\u00e1n, figura del movimiento anarcosindicalista en su pa\u00eds y en la Argentina. Es el autor de la Gran Enciclopedia Argentina, de cinco tomos, entre otras obras.<\/p>\n\n\n\n<p><strong>1944<\/strong>&nbsp;&#8211;&nbsp;<strong>NACE JOE COCKER<\/strong>. Nace en la ciudad inglesa de Sheffield (South Yorkshire, Reino Unido) el cantante de rock, blues y soul Joe Cocker, quien en 1982 gan\u00f3 el Premio \u00d3scar a la mejor canci\u00f3n original, un Grammy y un Globo de Oro, en los tres casos por el tema \u201cUp where we belong\u201d del filme del mismo nombre. Grab\u00f3 una veintena de discos como solista.<\/p>\n\n\n\n<p><a href=\"https:\/\/billiken.lat\/personas\/sabias-que-luis-alberto-spinetta-hizo-su-debut-musical-a-los-14-anos\/\"><\/a><\/p>\n\n\n\n<p><strong>1945<\/strong>&nbsp;&#8211;&nbsp;<strong>ALEJANDRO DOLINA<\/strong>. Nace en la localidad bonaerense de Morse el escritor, ensayista y conductor de radio y televisi\u00f3n Alejandro Dolina, quien lleva ganados m\u00e1s de 20 premios. Es conocido por sus \u201cCr\u00f3nicas del \u00c1ngel Gris&#8221; y por el popular programa radial \u201cLa venganza ser\u00e1 terrible\u201d.<\/p>\n\n\n\n<p><strong>1946<\/strong>&nbsp;&#8211;&nbsp;<strong>NACE CHER<\/strong>. Nace la ciudad de El Centro (California, EEUU) la&nbsp; actriz y cantante&nbsp;estadounidense Cher (Cherilyn Sarkisian) llamada \u201cla Diosa del Pop\u201d. Vendi\u00f3 m\u00e1s de 200 millones de discos y film\u00f3 16 pel\u00edculas.<\/p>\n\n\n\n<p><strong>1950<\/strong>&nbsp;&#8211;&nbsp;<strong>MOSTAZA MERLO<\/strong>. Nace en Buenos Aires el exfutbolista y entrenador Reinaldo \u201cMostaza\u201d Merlo, quien como t\u00e9cnico de Racing Club gan\u00f3 el torneo Apertura 2001 y acab\u00f3 con una sequ\u00eda de 35 a\u00f1os. Por ello se le dedic\u00f3 una estatua en el estadio \u201cCilindro\u201d de Avellaneda. \u201cMostaza\u201d se destac\u00f3 como mediocampista central de River Plate en la d\u00e9cada de los a\u00f1os \u201870.<\/p>\n\n\n\n<p><strong>1998<\/strong>&nbsp;&#8211;<strong>&nbsp;ALFREDO YABR\u00c1N<\/strong>. En Aldea San Antonio, vecina a la ciudad entrerriana de Gualeguaych\u00fa, se suicida el empresario Alfredo Yabr\u00e1n cuando estaba pr\u00f3fugo en la causa por el asesinato del fot\u00f3grafo Jos\u00e9 Luis Cabezas. Acorralado por la Polic\u00eda,&nbsp;Yabr\u00e1n se dispar\u00f3 con una escopeta en la cara.<\/p>\n\n\n\n<p><a href=\"https:\/\/billiken.lat\/interesante\/el-pueblo-toba-conoce-mas-sobre-los-pueblos-originarios\/\"><\/a><\/p>\n\n\n\n<p><strong>2010<\/strong>&nbsp;&#8211;<strong>&nbsp;PUEBLOS ORIGINARIOS<\/strong>. Concluye en la Plaza de Mayo la Marcha Nacional de los Pueblos Originarios, que hab\u00eda empezado ocho d\u00edas antes en distintos puntos del pa\u00eds para reclamar por sus derechos ancestrales. Miembros de las comunidades toba, wichi, guaran\u00ed, huarpe y mapuche, entre otros, entregan un documento con sus reclamos al Gobierno.<\/p>\n\n\n\n<p><strong>2019<\/strong>&nbsp;<strong>&#8211; FALLECE NIKI LAUDA.<\/strong>&nbsp;Muere en la ciudad suiza de Zurich, a la edad de 70 a\u00f1os, el expiloto austr\u00edaco de automovilismo Niki Lauda, figura de la F\u00f3rmula 1 al ganar los campeonatos mundiales de 1975, 1977 y 1984 y el subcampeonato en 1976.<\/p>\n\n\n\n<p><strong>2025<\/strong>&nbsp;<strong>&#8211; D\u00cdA DE LAS ABEJAS.<\/strong>&nbsp;El 20 de mayo se celebra el D\u00eda Internacional de las Abejas, instituido desde 2018 por las Naciones Unidas para crear conciencia social sobre la importancia de esos insectos polinizadores, las amenazas a las que se enfrentan y su contribuci\u00f3n al desarrollo sostenible.<\/p>\n","protected":false},"excerpt":{"rendered":"<p>Cada 20 de mayo se celebran y conmemoran fechas que marcaron un antes y un despu\u00e9s tanto en Argentina como en el mundo. 1506&nbsp;&#8211;&nbsp;CRIST\u00d3BAL COL\u00d3N. A la edad de 54&hellip; <\/p>\n","protected":false},"author":1,"featured_media":208615,"comment_status":"closed","ping_status":"open","sticky":false,"template":"","format":"standard","meta":{"footnotes":""},"categories":[1],"tags":[],"class_list":["post-208614","post","type-post","status-publish","format-standard","has-post-thumbnail","hentry","category-informacion-general"],"_links":{"self":[{"href":"https:\/\/corrientesdetarde.com\/index.php\/wp-json\/wp\/v2\/posts\/208614","targetHints":{"allow":["GET"]}}],"collection":[{"href":"https:\/\/corrientesdetarde.com\/index.php\/wp-json\/wp\/v2\/posts"}],"about":[{"href":"https:\/\/corrientesdetarde.com\/index.php\/wp-json\/wp\/v2\/types\/post"}],"author":[{"embeddable":true,"href":"https:\/\/corrientesdetarde.com\/index.php\/wp-json\/wp\/v2\/users\/1"}],"replies":[{"embeddable":true,"href":"https:\/\/corrientesdetarde.com\/index.php\/wp-json\/wp\/v2\/comments?post=208614"}],"version-history":[{"count":1,"href":"https:\/\/corrientesdetarde.com\/index.php\/wp-json\/wp\/v2\/posts\/208614\/revisions"}],"predecessor-version":[{"id":208616,"href":"https:\/\/corrientesdetarde.com\/index.php\/wp-json\/wp\/v2\/posts\/208614\/revisions\/208616"}],"wp:featuredmedia":[{"embeddable":true,"href":"https:\/\/corrientesdetarde.com\/index.php\/wp-json\/wp\/v2\/media\/208615"}],"wp:attachment":[{"href":"https:\/\/corrientesdetarde.com\/index.php\/wp-json\/wp\/v2\/media?parent=208614"}],"wp:term":[{"taxonomy":"category","embeddable":true,"href":"https:\/\/corrientesdetarde.com\/index.php\/wp-json\/wp\/v2\/categories?post=208614"},{"taxonomy":"post_tag","embeddable":true,"href":"https:\/\/corrientesdetarde.com\/index.php\/wp-json\/wp\/v2\/tags?post=208614"}],"curies":[{"name":"wp","href":"https:\/\/api.w.org\/{rel}","templated":true}]}}