{"id":208685,"date":"2025-05-20T21:12:21","date_gmt":"2025-05-21T00:12:21","guid":{"rendered":"https:\/\/corrientesdetarde.com\/?p=208685"},"modified":"2025-05-20T22:21:41","modified_gmt":"2025-05-21T01:21:41","slug":"la-muni-en-tu-barrio-realiza-500-atencionespor-dia-y-reforzo-la-atencion-a-las-mascotas-2","status":"publish","type":"post","link":"https:\/\/corrientesdetarde.com\/index.php\/actualidad\/la-muni-en-tu-barrio-realiza-500-atencionespor-dia-y-reforzo-la-atencion-a-las-mascotas-2\/","title":{"rendered":"La Muni en Tu Barrio realiza 500 atencionespor d\u00eda y reforz\u00f3 la atenci\u00f3n a las mascotas"},"content":{"rendered":"\n<p><em>La Municipalidad de Corrientes realiz\u00f3 un nuevo operativo con atenciones sanitarias y servicios para los vecinos del Laguna Seca y zonas cercanas. Adem\u00e1s, mediante un convenio con la Facultad de Ciencias Veterinarias de la UNNE, se sumaron 60 estudiantes que hacen sus residencias en el marco del programa Mascotas Saludables y un quir\u00f3fano m\u00f3vil para castraciones. El jueves llegar\u00e1 al barrio Santa Mar\u00eda.<\/em><\/p>\n\n\n\n<figure class=\"wp-block-embed is-type-video is-provider-youtube wp-block-embed-youtube wp-embed-aspect-16-9 wp-has-aspect-ratio\"><div class=\"wp-block-embed__wrapper\">\n<iframe loading=\"lazy\" title=\"La Muni en Tu Barrio realiza 500 atenciones por d\u00eda y reforz\u00f3 la atenci\u00f3n a las mascotas\" width=\"1110\" height=\"624\" src=\"https:\/\/www.youtube.com\/embed\/gWVgXX2a7Lg?feature=oembed\" frameborder=\"0\" allow=\"accelerometer; autoplay; clipboard-write; encrypted-media; gyroscope; picture-in-picture; web-share\" referrerpolicy=\"strict-origin-when-cross-origin\" allowfullscreen><\/iframe>\n<\/div><\/figure>\n\n\n\n<p>El operativo \u201cLa Muni en tu Barrio\u201d, que acerca prestaciones sanitarias y servicios gratuitos a los vecinos en diferentes zonas de la ciudad, lleg\u00f3 este martes al barrio Laguna Seca. Adem\u00e1s, como parte del programa Mascotas Saludables se sum\u00f3 un quir\u00f3fano m\u00f3vil para castraciones y 60 alumnos de la Facultad de Ciencias Veterinarias de la UNNE llevan adelante sus residencias, en el marco de un convenio con la Comuna.<br><br>El subsecretario de Coordinaci\u00f3n de Asuntos Administrativos, Marcos Gavi\u00f1a Naon, destac\u00f3 la importancia de llevar las atenciones a diferentes puntos de la ciudad y afirm\u00f3 que \u201clo que nos pidi\u00f3 el intendente Eduardo Tassano es descentralizar todas las \u00e1reas y son muchos los vecinos que concurren y acceden a todos los servicios que son totalmente gratuitos\u201d.<br><br>El funcionario asegur\u00f3 que en cada visita a los barrios \u201cse realizan unas 500 atenciones diarias\u201d. A su vez, detall\u00f3 que en esta oportunidad \u201cest\u00e1 acompa\u00f1ando el \u00e1rea de Zoonosis, Adultos Mayores, \u00d1ande Huerta, servicios de peluquer\u00eda, entre otros, como as\u00ed tambi\u00e9n est\u00e1 el Gobierno provincial con el Registro Civil y Seguridad Vial\u201d.<br><br>El titular de la subsecretar\u00eda de Coordinaci\u00f3n de Asuntos Administrativos indic\u00f3 que uno de los programas m\u00e1s requeridos por los vecinos es el de Mascotas Saludables, que, a partir de un acuerdo firmado recientemente, &nbsp;\u201ccuenta con la participaci\u00f3n de los alumnos de Veterinaria que est\u00e1n llevando adelante cirug\u00edas y vacunaciones\u201d.<br><br>CONVENIO CON LA FACULTAD<br><br>Tras un convenio entre la Municipalidad y la Facultad de Ciencias Veterinarias de la UNNE, un grupo de 60 estudiantes, organizados en grupos reducidos de seis a nueve alumnos, van rotando en los diferentes operativos para realizar atenciones a perros y gatos en el marco del programa Mascotas Saludables. Adem\u00e1s, la casa de estudios sum\u00f3 un quir\u00f3fano m\u00f3vil para la realizaci\u00f3n de castraciones.<br><br>\u201cEstamos haciendo el m\u00f3dulo de intensificaci\u00f3n pr\u00e1ctica, en donde vinimos a hacer justamente pr\u00e1cticas en la parte de cirug\u00eda, en la parte de vacunaci\u00f3n tanto antirr\u00e1bicas y antiparasitarias\u201d, sostuvo Carla Mussin, quien est\u00e1 en la \u00faltima etapa de la carrera.<br><br>La estudiante se\u00f1al\u00f3 que estas acciones \u201cnos significan much\u00edsimo porque el hecho de poder venir a estar en contacto con la gente es importante para nosotros, para el d\u00eda de ma\u00f1ana cuando estemos al frente de un consultorio\u201d.<br><br>CRONOGRAMA<br><br>El operativo de La Muni en tu Barrio continuar\u00e1 este jueves pr\u00f3ximo en el Santa Mar\u00eda y barrios aleda\u00f1os que requieran los servicios integrales. Mientras que la semana que viene se presentar\u00e1 el martes 27 en el barrio Arazaty y el jueves 29 en el barrio Lomas del Mirador.<\/p>\n","protected":false},"excerpt":{"rendered":"<p>La Municipalidad de Corrientes realiz\u00f3 un nuevo operativo con atenciones sanitarias y servicios para los vecinos del Laguna Seca y zonas cercanas. Adem\u00e1s, mediante un convenio con la Facultad de&hellip; <\/p>\n","protected":false},"author":4,"featured_media":208689,"comment_status":"closed","ping_status":"open","sticky":false,"template":"","format":"standard","meta":{"footnotes":""},"categories":[23],"tags":[],"class_list":["post-208685","post","type-post","status-publish","format-standard","has-post-thumbnail","hentry","category-actualidad"],"_links":{"self":[{"href":"https:\/\/corrientesdetarde.com\/index.php\/wp-json\/wp\/v2\/posts\/208685","targetHints":{"allow":["GET"]}}],"collection":[{"href":"https:\/\/corrientesdetarde.com\/index.php\/wp-json\/wp\/v2\/posts"}],"about":[{"href":"https:\/\/corrientesdetarde.com\/index.php\/wp-json\/wp\/v2\/types\/post"}],"author":[{"embeddable":true,"href":"https:\/\/corrientesdetarde.com\/index.php\/wp-json\/wp\/v2\/users\/4"}],"replies":[{"embeddable":true,"href":"https:\/\/corrientesdetarde.com\/index.php\/wp-json\/wp\/v2\/comments?post=208685"}],"version-history":[{"count":1,"href":"https:\/\/corrientesdetarde.com\/index.php\/wp-json\/wp\/v2\/posts\/208685\/revisions"}],"predecessor-version":[{"id":208703,"href":"https:\/\/corrientesdetarde.com\/index.php\/wp-json\/wp\/v2\/posts\/208685\/revisions\/208703"}],"wp:featuredmedia":[{"embeddable":true,"href":"https:\/\/corrientesdetarde.com\/index.php\/wp-json\/wp\/v2\/media\/208689"}],"wp:attachment":[{"href":"https:\/\/corrientesdetarde.com\/index.php\/wp-json\/wp\/v2\/media?parent=208685"}],"wp:term":[{"taxonomy":"category","embeddable":true,"href":"https:\/\/corrientesdetarde.com\/index.php\/wp-json\/wp\/v2\/categories?post=208685"},{"taxonomy":"post_tag","embeddable":true,"href":"https:\/\/corrientesdetarde.com\/index.php\/wp-json\/wp\/v2\/tags?post=208685"}],"curies":[{"name":"wp","href":"https:\/\/api.w.org\/{rel}","templated":true}]}}