{"id":208699,"date":"2025-05-20T21:32:41","date_gmt":"2025-05-21T00:32:41","guid":{"rendered":"https:\/\/corrientesdetarde.com\/?p=208699"},"modified":"2025-05-20T21:32:52","modified_gmt":"2025-05-21T00:32:52","slug":"el-vera-lirico-llega-a-santo-tome-e-ituzaingo-en-la-vigilia-del-25-de-mayo","status":"publish","type":"post","link":"https:\/\/corrientesdetarde.com\/index.php\/cultura\/el-vera-lirico-llega-a-santo-tome-e-ituzaingo-en-la-vigilia-del-25-de-mayo\/","title":{"rendered":"El Vera L\u00edrico llega a Santo Tom\u00e9 e Ituzaing\u00f3 en la vigilia del 25 de mayo"},"content":{"rendered":"\n<p>El exitoso ciclo ideado desde el Teatro Oficial Juan de Vera para promover el g\u00e9nero de la l\u00edrica llega el viernes 23 a Santo Tom\u00e9 y el s\u00e1bado 24 a Ituzaing\u00f3 con un concierto por Pietrina Catapano, Jer\u00f3nimo Vargas G\u00f3mez y el maestro pianista Esteban de Bardeci, con acceso libre y gratuito.<\/p>\n\n\n\n<p>El ciclo tiene por objetivo acercar el g\u00e9nero de la l\u00edrica, muy vinculado al Teatro Juan de Vera, dado que toda su infraestructura fue concebida para montar en \u00e9l las grandes \u00f3peras de nuestra historia, a todo el territorio provincial a trav\u00e9s de fragmentos de grandes \u00f3peras acompa\u00f1adas tambi\u00e9n con canciones populares adaptadas a las voces l\u00edricas. El ciclo es producido desde el Teatro Vera en v\u00ednculo directo con las secretar\u00edas y direcciones de Turismo y Cultura de cada localidad, adem\u00e1s del acompa\u00f1amiento de autoridades municipales.<\/p>\n\n\n\n<p>Con la soprano Pietrina Catapano, el tenor Jer\u00f3nimo Vargas G\u00f3mez y el maestro pianista Esteban de Bardeci como protagonistas, el ciclo \u201cVera L\u00edrico\u201d tuvo su inicio en Goya y Esquina a salas llenas, el pasado fin de semana circul\u00f3 por Mercedes y Curuz\u00fa Cuati\u00e1 y este viernes 23 de mayo llega al auditorio del Instituto de Formaci\u00f3n Docente \u201cJorge Luis Borges\u201d de Santo Tom\u00e9, desde las 21 hs. con retiro de entradas el dia de la funci\u00f3n, desde las 20.30 hs por orden de llegada, hasta agotar cupos.<\/p>\n\n\n\n<p>El s\u00e1bado 24, en la v\u00edspera de los festejos por el 25 de Mayo, la gala l\u00edrica tendr\u00e1 lugar en el sal\u00f3n auditorio del Centro Cultural Ituzaing\u00f3, desde las 22 hs. con retiro de entradas on line, a trav\u00e9s del siguiente enlace:&nbsp;<a href=\"https:\/\/4ue34.r.sp1-brevo.net\/mk\/cl\/f\/sh\/6rqJfgq8dINmNvd2HB7mP7OK8Ju\/pXSA2gmHytnF\" target=\"_blank\" rel=\"noreferrer noopener\">https:\/\/forms.gle\/XjvB6UmCjfLXScJP6<\/a>. La gala tendr\u00e1 un especial repertorio y la participaci\u00f3n especial de la violinista Mar\u00eda Bel\u00e9n Arriola.<\/p>\n\n\n\n<p><strong>El Vera L\u00edrico en Goya y a beneficio de Fundaci\u00f3n Agrupar<\/strong><\/p>\n\n\n\n<p>Cabe destacar que si bien el acceso a los conciertos del ciclo Vera L\u00edrico son gratuitos en cada localidad, en Goya se realiz\u00f3 con venta de entradas cuya recaudaci\u00f3n fue destinada a beneficio de la Fundaci\u00f3n Agrupar.<\/p>\n\n\n\n<p>Se recaudaron en el Teatro Municipal Solari $555.000 destinados a la compra de alimentos que ser\u00e1n distribuidos por el Banco de Alimentos de Fundaci\u00f3n Agrupar. La Fundaci\u00f3n Agrupar es una organizaci\u00f3n sin fines de lucro fundada en agosto de 2002 en Goya, Corrientes, Argentina, en respuesta a la crisis social y econ\u00f3mica que afectaba al pa\u00eds en ese momento.&nbsp; Su misi\u00f3n es promover, facilitar, apoyar y desarrollar actividades destinadas a mejorar la calidad de vida de la comunidad en armon\u00eda con la naturaleza.&nbsp;<\/p>\n","protected":false},"excerpt":{"rendered":"<p>El exitoso ciclo ideado desde el Teatro Oficial Juan de Vera para promover el g\u00e9nero de la l\u00edrica llega el viernes 23 a Santo Tom\u00e9 y el s\u00e1bado 24 a&hellip; <\/p>\n","protected":false},"author":4,"featured_media":208700,"comment_status":"closed","ping_status":"open","sticky":false,"template":"","format":"standard","meta":{"footnotes":""},"categories":[23,15],"tags":[],"class_list":["post-208699","post","type-post","status-publish","format-standard","has-post-thumbnail","hentry","category-actualidad","category-cultura"],"_links":{"self":[{"href":"https:\/\/corrientesdetarde.com\/index.php\/wp-json\/wp\/v2\/posts\/208699","targetHints":{"allow":["GET"]}}],"collection":[{"href":"https:\/\/corrientesdetarde.com\/index.php\/wp-json\/wp\/v2\/posts"}],"about":[{"href":"https:\/\/corrientesdetarde.com\/index.php\/wp-json\/wp\/v2\/types\/post"}],"author":[{"embeddable":true,"href":"https:\/\/corrientesdetarde.com\/index.php\/wp-json\/wp\/v2\/users\/4"}],"replies":[{"embeddable":true,"href":"https:\/\/corrientesdetarde.com\/index.php\/wp-json\/wp\/v2\/comments?post=208699"}],"version-history":[{"count":1,"href":"https:\/\/corrientesdetarde.com\/index.php\/wp-json\/wp\/v2\/posts\/208699\/revisions"}],"predecessor-version":[{"id":208704,"href":"https:\/\/corrientesdetarde.com\/index.php\/wp-json\/wp\/v2\/posts\/208699\/revisions\/208704"}],"wp:featuredmedia":[{"embeddable":true,"href":"https:\/\/corrientesdetarde.com\/index.php\/wp-json\/wp\/v2\/media\/208700"}],"wp:attachment":[{"href":"https:\/\/corrientesdetarde.com\/index.php\/wp-json\/wp\/v2\/media?parent=208699"}],"wp:term":[{"taxonomy":"category","embeddable":true,"href":"https:\/\/corrientesdetarde.com\/index.php\/wp-json\/wp\/v2\/categories?post=208699"},{"taxonomy":"post_tag","embeddable":true,"href":"https:\/\/corrientesdetarde.com\/index.php\/wp-json\/wp\/v2\/tags?post=208699"}],"curies":[{"name":"wp","href":"https:\/\/api.w.org\/{rel}","templated":true}]}}