{"id":208726,"date":"2025-05-21T08:49:00","date_gmt":"2025-05-21T11:49:00","guid":{"rendered":"https:\/\/corrientesdetarde.com\/?p=208726"},"modified":"2025-05-21T08:49:04","modified_gmt":"2025-05-21T11:49:04","slug":"efemerides-del-21-de-mayo","status":"publish","type":"post","link":"https:\/\/corrientesdetarde.com\/index.php\/informacion-general\/efemerides-del-21-de-mayo\/","title":{"rendered":"Efem\u00e9rides del 21 de mayo"},"content":{"rendered":"\n<p><strong>1534<\/strong>&nbsp;&#8211;<strong>&nbsp;PEDRO DE MENDOZA.<\/strong>&nbsp;El rey Carlos I de Espa\u00f1a firma la Capitulaci\u00f3n de Toledo, por la que nombra a Pedro de Mendoza \u201cadelantado o comandante militar de la zona a conquistar\u201d en Sudam\u00e9rica. De Mendoza fund\u00f3 el puerto de Nuestra Se\u00f1ora del Buen Ayre, patrona de los marinos andaluces. Fue el primer asentamiento de la actual Buenos Aires.<\/p>\n\n\n\n<p><strong>1810<\/strong>&nbsp;&#8211;<strong>&nbsp;CABILDO ABIERTO<\/strong>. El virrey espa\u00f1ol Baltasar Hidalgo de Cisneros convoca a un Cabildo Abierto de la ciudad de la Sant\u00edsima Trinidad y puerto de Buenos Aires, presionado por la Legi\u00f3n Infernal, grupo militar liderado por Domingo French y Antonio Luis Beruti. Comienza as\u00ed el proceso hacia la Revoluci\u00f3n del 25 de Mayo de 1810.<\/p>\n\n\n\n<p><strong>1903<\/strong>&nbsp;&#8211;&nbsp;<strong>LAS NEREIDAS.<\/strong>&nbsp;En el Parque Col\u00f3n, vecino a la Casa Rosada, se inaugura la fuente \u201cLas Nereidas\u201d, de m\u00e1rmol de Carrara y obra de la artista tucumana Lola Mora. En 1918, la escultura fue llevada a la Costanera Sur por considerarse que sus desnudos ofend\u00edan \u201ca la moral\u201d.<\/p>\n\n\n\n<figure class=\"wp-block-image\"><img decoding=\"async\" src=\"https:\/\/billiken.lat\/wp-content\/uploads\/2025\/05\/cuerpo-27-2.jpg\" alt=\"efem\u00e9rides del 21 de mayo\" class=\"wp-image-110214\"\/><\/figure>\n\n\n\n<p><a href=\"https:\/\/billiken.lat\/educadores\/lola-mora-para-docentes-secuencias-didacticas-sobre-la-gran-escultora-argentina\/\"><\/a><\/p>\n\n\n\n<p><strong>1904<\/strong>&nbsp;&#8211;&nbsp;<strong>NACE LA FIFA.<\/strong>&nbsp;Delegados de B\u00e9lgica, Suecia, Suiza, Dinamarca, Francia, Holanda y Espa\u00f1a fundan en Par\u00eds la Federaci\u00f3n Internacional de Asociaciones F\u00fatbol (FIFA), cuyo primer presidente fue el franc\u00e9s Robert Guerin. La FIFA re\u00fane hoy a las asociaciones de 211 pa\u00edses, 17 m\u00e1s que los afiliados a las Naciones Unidas.<\/p>\n\n\n\n<p><strong>1952<\/strong>&nbsp;&#8211;&nbsp;<strong>NACE MR. T<\/strong>. Un 21 de mayo nace en la ciudad de Chicago (Illinois, EEUU), el actor y guardaespaldas estadounidense Laurence Tureaud, popularmente conocido como Mr T por su papel como B. A. Baracus en la serie de televisi\u00f3n The A-Team. Fue actor de reparto en la pel\u00edcula Rocky III.<\/p>\n\n\n\n<p><strong>1969<\/strong>\u00a0&#8211;\u00a0<strong>CADENA PERPETUA<\/strong>. Un tribunal de Los \u00c1ngeles (California, EEUU) condena a muerte al jordano-palestino Sirhan Bishara Sirhan por el asesinato del senador Robert Kennedy, precandidato presidencial dem\u00f3crata y hermano de John F. Kennedy, asesinado cuando presid\u00eda Estados Unidos. La condena fue conmutada a prisi\u00f3n perpetua en 1972.<a href=\"https:\/\/billiken.lat\/saber-mas\/por-que-a-estudiantes-de-la-plata-se-le-dice-pincharrata\/\"><\/a><\/p>\n\n\n\n<p><strong>1969<\/strong>&nbsp;&#8211;&nbsp;<strong>BICAMPE\u00d3N DE AM\u00c9RICA<\/strong>. Estudiantes de La Plata,&nbsp;dirigido por Osvaldo Zubeld\u00eda, gana su segunda Copa Libertadores de Am\u00e9rica consecutiva al vencer como local al Nacional de Montevideo por 2 a 0.<\/p>\n\n\n\n<p><strong>1994<\/strong>&nbsp;&#8211;&nbsp;<strong>PULP FICTION<\/strong>. Se estrena en el Festival de Cannes el filme Pulp Fiction, dirigido por el cineasta estadounidense Quentin Tarantino y protagonizada por Uma Thurman y John Travolta. Gan\u00f3 la Palma de Oro de Cannes. Luego recibi\u00f3 un premio Globo de Oro y un \u00d3scar al mejor gui\u00f3n cinematogr\u00e1fico.<\/p>\n\n\n\n<p><strong>2016<\/strong>&nbsp;&#8211;&nbsp;<strong>DIEGO MILITO<\/strong>. El delantero Diego Milito se despide del f\u00fatbol con la camiseta de Racing Club. Fue en un partido ante Temperley en el que marc\u00f3 uno de los dos goles de la victoria de \u201cLa Academia\u201d. Milito hab\u00eda anotado 22 goles desde su regreso a \u201cLa Academia\u201d, en 2014.<\/p>\n\n\n\n<p><strong>2025<\/strong>&nbsp;&#8211;<strong>&nbsp;D\u00cdA DEL T\u00c9<\/strong>. Se celebra el D\u00eda Internacional del T\u00e9, instituido en 2019 por las Naciones Unidas con el fin de promover la producci\u00f3n de la planta Camellia Sinensis, de origen chino y con cuyas hojas se hace la infusi\u00f3n. El t\u00e9 es la bebida m\u00e1s consumida en todo el mundo despu\u00e9s del agua.<\/p>\n\n\n\n<p><strong>2025<\/strong>&nbsp;&#8211;&nbsp;<strong>DIVERSIDAD CULTURAL<\/strong>. El 21 de mayo se celebra el D\u00eda Mundial de la Diversidad Cultural, declarado en 2001 por las Naciones Unidas para promover la comprensi\u00f3n del valor de las diferentes culturas con el fin de mejorar la convivencia entre los pueblos.<\/p>\n","protected":false},"excerpt":{"rendered":"<p>1534&nbsp;&#8211;&nbsp;PEDRO DE MENDOZA.&nbsp;El rey Carlos I de Espa\u00f1a firma la Capitulaci\u00f3n de Toledo, por la que nombra a Pedro de Mendoza \u201cadelantado o comandante militar de la zona a conquistar\u201d&hellip; <\/p>\n","protected":false},"author":1,"featured_media":208734,"comment_status":"closed","ping_status":"open","sticky":false,"template":"","format":"standard","meta":{"footnotes":""},"categories":[1],"tags":[],"class_list":["post-208726","post","type-post","status-publish","format-standard","has-post-thumbnail","hentry","category-informacion-general"],"_links":{"self":[{"href":"https:\/\/corrientesdetarde.com\/index.php\/wp-json\/wp\/v2\/posts\/208726","targetHints":{"allow":["GET"]}}],"collection":[{"href":"https:\/\/corrientesdetarde.com\/index.php\/wp-json\/wp\/v2\/posts"}],"about":[{"href":"https:\/\/corrientesdetarde.com\/index.php\/wp-json\/wp\/v2\/types\/post"}],"author":[{"embeddable":true,"href":"https:\/\/corrientesdetarde.com\/index.php\/wp-json\/wp\/v2\/users\/1"}],"replies":[{"embeddable":true,"href":"https:\/\/corrientesdetarde.com\/index.php\/wp-json\/wp\/v2\/comments?post=208726"}],"version-history":[{"count":1,"href":"https:\/\/corrientesdetarde.com\/index.php\/wp-json\/wp\/v2\/posts\/208726\/revisions"}],"predecessor-version":[{"id":208735,"href":"https:\/\/corrientesdetarde.com\/index.php\/wp-json\/wp\/v2\/posts\/208726\/revisions\/208735"}],"wp:featuredmedia":[{"embeddable":true,"href":"https:\/\/corrientesdetarde.com\/index.php\/wp-json\/wp\/v2\/media\/208734"}],"wp:attachment":[{"href":"https:\/\/corrientesdetarde.com\/index.php\/wp-json\/wp\/v2\/media?parent=208726"}],"wp:term":[{"taxonomy":"category","embeddable":true,"href":"https:\/\/corrientesdetarde.com\/index.php\/wp-json\/wp\/v2\/categories?post=208726"},{"taxonomy":"post_tag","embeddable":true,"href":"https:\/\/corrientesdetarde.com\/index.php\/wp-json\/wp\/v2\/tags?post=208726"}],"curies":[{"name":"wp","href":"https:\/\/api.w.org\/{rel}","templated":true}]}}