{"id":208727,"date":"2025-05-21T08:42:32","date_gmt":"2025-05-21T11:42:32","guid":{"rendered":"https:\/\/corrientesdetarde.com\/?p=208727"},"modified":"2025-05-21T09:48:56","modified_gmt":"2025-05-21T12:48:56","slug":"suspendieron-el-juicio-por-la-muerte-de-diego-maradona-por-7-dias","status":"publish","type":"post","link":"https:\/\/corrientesdetarde.com\/index.php\/espectaculos\/suspendieron-el-juicio-por-la-muerte-de-diego-maradona-por-7-dias\/","title":{"rendered":"Suspendieron el juicio por la muerte de Diego Maradona por 7 d\u00edas"},"content":{"rendered":"\n<p>\u00a0Jueces del TOC N\u00ba3 de San Isidro resolvieron suspender por 7 d\u00edas el juicio por la muerte de Maradona tras el esc\u00e1ndalo que envuelve a la jueza Julieta Makintach, quien est\u00e1 siendo investigada por presuntamente autorizar la realizaci\u00f3n de un documental sin el consentimiento de las partes.<\/p>\n\n\n\n<p>El debate se reanudar\u00e1 el pr\u00f3ximo martes 27 de mayo a las 10:30 de la ma\u00f1ana. El juez Maximiliano Savarino, quien preside y dirige el juicio, comunic\u00f3 la decisi\u00f3n por un\u00e1nime tras un breve cuarto intermedio en el que deliberaron el pedido que hab\u00eda realizado la Fiscal\u00eda.<\/p>\n\n\n\n<p>&nbsp;<br>Asimismo, el magistrado inform\u00f3 a todas las partes que para ese d\u00eda ser\u00e1 necesario que asistan nuevamente los siete imputados en la causa, tal como en las primeras audiencias.<\/p>\n\n\n\n<p>&#8220;Entendemos que es un plazo razonable que garantiza que el tribunal pueda resolver la cuesti\u00f3n&#8221;, aleg\u00f3 el juez Savarino al pronunciarse al respecto.<\/p>\n\n\n\n<p>&nbsp;<br>Antes de que se diera por finalizada la jornada de este martes, la jueza Makintach pidi\u00f3 la palabra e hizo un breve descargo en el que adelant\u00f3 que, para que el proceso judicial no corra peligro, quiz\u00e1s ella misma tome la decisi\u00f3n de apartarse del debate.<\/p>\n\n\n\n<p>&#8220;Entiendo la zozobra de todos. Estoy convencida de mi parcialidad (sic). Voy a dar las explicaciones del caso. Para denunciar a un juez hay que tener motivos fundados&#8221;, dijo Julieta Makintach.<\/p>\n\n\n\n<p>Luego agreg\u00f3: &#8220;Ojal\u00e1 alcance a dar las razones del caso. En caso de que haya algo que est\u00e9 en peligro, quiz\u00e1s sea yo la que me aparte. Necesitan las pruebas y las razones para fundar&#8221;.<\/p>\n\n\n\n<p>La medida adoptada por los jueces responde al pedido que hab\u00eda efectuado al comienzo de la jornada el fiscal Patricio Ferrari, quien junto a su colega Cosme Iribarren hab\u00edan solicitado que el debate oral se pause por diez d\u00edas, que es el plazo m\u00e1ximo que se puede suspender un juicio seg\u00fan el C\u00f3digo Procesal de PBA.<\/p>\n\n\n\n<p><strong>El esc\u00e1ndalo que se investiga<\/strong><br>La suspensi\u00f3n del debate oral por la muerte de Maradona se solicit\u00f3 mientras avanza una causa en paralelo que se abri\u00f3 a partir de una denuncia penal realizada por los abogados Burlando y Baudry el jueves pasado.<\/p>\n\n\n\n<p>&nbsp;<br>La investigaci\u00f3n se centra en determinar si la jueza Makintach hab\u00eda autorizado o no el ingreso de dos infiltrados de una productora audiovisual que estaban grabando las audiencias a escondidas a fin de hacer material para un presunto documental sobre el caso. Lo habr\u00eda hecho sin el consentimiento de las partes.<\/p>\n\n\n\n<p>En el marco del expediente, que est\u00e1 a cargo de la fiscal Carolina Asprella, titular del \u00e1rea Criminal del departamento judicial de San Isidro, ya declararon dos funcionarias policiales que aseguraron que la magistrada autoriz\u00f3 a un hombre y una mujer a ingresar a la sala.<\/p>\n\n\n\n<p>Se tratar\u00eda, en principio, de la misma pareja que en la audiencia pasada fue se\u00f1alada por el abogado Rivas -defensor de Luque- como los supuestos infiltrados de la compa\u00f1\u00eda audiovisual.<\/p>\n\n\n\n<p>&nbsp;<br>En ese entonces ellos dijeron no tener nada que ver con una productora. No obstante, este martes el fiscal Ferrari asegur\u00f3 en la audiencia que, con solo googlearlos, descubri\u00f3 que, al menos el hombre, era productor.<\/p>\n\n\n\n<p>Este martes, cuando se decidi\u00f3 la suspensi\u00f3n del juicio y se debati\u00f3 el posible apartamiento de la jueza, ninguno de los dos se\u00f1alados se hizo presente en el palacio de Ituzaing\u00f3 tras dos meses de haber asistido a casi todas las jornadas.<\/p>\n","protected":false},"excerpt":{"rendered":"<p>\u00a0Jueces del TOC N\u00ba3 de San Isidro resolvieron suspender por 7 d\u00edas el juicio por la muerte de Maradona tras el esc\u00e1ndalo que envuelve a la jueza Julieta Makintach, quien&hellip; <\/p>\n","protected":false},"author":1,"featured_media":208729,"comment_status":"closed","ping_status":"open","sticky":false,"template":"","format":"standard","meta":{"footnotes":""},"categories":[26,19],"tags":[],"class_list":["post-208727","post","type-post","status-publish","format-standard","has-post-thumbnail","hentry","category-destacados","category-espectaculos"],"_links":{"self":[{"href":"https:\/\/corrientesdetarde.com\/index.php\/wp-json\/wp\/v2\/posts\/208727","targetHints":{"allow":["GET"]}}],"collection":[{"href":"https:\/\/corrientesdetarde.com\/index.php\/wp-json\/wp\/v2\/posts"}],"about":[{"href":"https:\/\/corrientesdetarde.com\/index.php\/wp-json\/wp\/v2\/types\/post"}],"author":[{"embeddable":true,"href":"https:\/\/corrientesdetarde.com\/index.php\/wp-json\/wp\/v2\/users\/1"}],"replies":[{"embeddable":true,"href":"https:\/\/corrientesdetarde.com\/index.php\/wp-json\/wp\/v2\/comments?post=208727"}],"version-history":[{"count":1,"href":"https:\/\/corrientesdetarde.com\/index.php\/wp-json\/wp\/v2\/posts\/208727\/revisions"}],"predecessor-version":[{"id":208730,"href":"https:\/\/corrientesdetarde.com\/index.php\/wp-json\/wp\/v2\/posts\/208727\/revisions\/208730"}],"wp:featuredmedia":[{"embeddable":true,"href":"https:\/\/corrientesdetarde.com\/index.php\/wp-json\/wp\/v2\/media\/208729"}],"wp:attachment":[{"href":"https:\/\/corrientesdetarde.com\/index.php\/wp-json\/wp\/v2\/media?parent=208727"}],"wp:term":[{"taxonomy":"category","embeddable":true,"href":"https:\/\/corrientesdetarde.com\/index.php\/wp-json\/wp\/v2\/categories?post=208727"},{"taxonomy":"post_tag","embeddable":true,"href":"https:\/\/corrientesdetarde.com\/index.php\/wp-json\/wp\/v2\/tags?post=208727"}],"curies":[{"name":"wp","href":"https:\/\/api.w.org\/{rel}","templated":true}]}}