{"id":208728,"date":"2025-05-21T08:53:59","date_gmt":"2025-05-21T11:53:59","guid":{"rendered":"https:\/\/corrientesdetarde.com\/?p=208728"},"modified":"2025-05-21T08:54:03","modified_gmt":"2025-05-21T11:54:03","slug":"revocaron-la-condena-al-acusado-de-asesinar-al-bibliotecario-en-santo-tome","status":"publish","type":"post","link":"https:\/\/corrientesdetarde.com\/index.php\/crimen-y-justicia\/revocaron-la-condena-al-acusado-de-asesinar-al-bibliotecario-en-santo-tome\/","title":{"rendered":"Revocaron la condena al acusado de asesinar al bibliotecario en Santo Tom\u00e9"},"content":{"rendered":"\n<p>El Superior Tribunal de Justicia mediante Resoluci\u00f3n N \u00ba 82\/25, revoc\u00f3 la condena a 22 a\u00f1os de prisi\u00f3n por homicidio simple recibida por Enzo Iv\u00e1n R. por la muerte del bibliotecario Julio Esp\u00edndola ocurrida en abril de 2023 en Santo Tom\u00e9.<\/p>\n\n\n\n<p><br>El m\u00e1ximo tribunal provincial habr\u00eda centrado su decisi\u00f3n en una cr\u00edtica a la actuaci\u00f3n del Tribunal de Juicio de Santo Tom\u00e9, que omiti\u00f3 considerar un elemento clave presentado por la defensa de Enzo Iv\u00e1n: un abuso sexual que habr\u00eda sufrido durante su infancia a manos de Carlos Javier M., tambi\u00e9n involucrado en el caso.<br>La decisi\u00f3n del Superior Tribunal de Justicia (STJ) anula una condena y establece un precedente significativo al subrayar la obligaci\u00f3n de los tribunales de evaluar exhaustivamente el impacto del abuso sexual infantil en la psiquis de un acusado, especialmente al determinar su responsabilidad penal y la pena correspondiente.<br>El STJ orden\u00f3 la realizaci\u00f3n de un nuevo juicio para el misionero Enzo Iv\u00e1n R., en el que se deber\u00e1 analizar nuevamente toda la evidencia y dictaminar una sentencia que considere la totalidad de las circunstancias del caso, incluyendo el historial de abuso sexual del acusado.<\/p>\n\n\n<div class=\"wp-block-image\">\n<figure class=\"aligncenter\"><img decoding=\"async\" src=\"https:\/\/pxcdn.ellitoral.com.ar\/litoral\/052025\/1747772861308.jpg?cw=807\" alt=\"Revocaron la condena al acusado de asesinar al bibliotecario en Santo Tom\u00e9\" title=\"Revocaron la condena al acusado de asesinar al bibliotecario en Santo Tom\u00e9-\"\/><\/figure>\n<\/div>\n\n\n<p>La noche del 8 de abril de 2023, se encontr\u00f3 muerto al bibliotecario local Julio Jes\u00fas Esp\u00edndola en su residencia. La investigaci\u00f3n policial se\u00f1al\u00f3 r\u00e1pidamente a Enzo Iv\u00e1n R., un joven de 25 a\u00f1os oriundo de Ober\u00e1, Misiones, como principal sospechoso, ya que se hab\u00eda hospedado en la casa de la v\u00edctima durante la semana anterior al asesinato.<br>El juicio oral y p\u00fablico por el crimen se llev\u00f3 a cabo en el Tribunal Oral Penal de Santo Tom\u00e9, donde tras la presentaci\u00f3n de pruebas y argumentos, el tribunal emiti\u00f3 su sentencia el 30 de julio de 2024, declarando a Enzo Iv\u00e1n R. culpable de homicidio simple y hurto en concurso real.<br>Los magistrados consideraron que Enzo Iv\u00e1n era penalmente responsable de la muerte de Esp\u00edndola y de la sustracci\u00f3n de sus pertenencias, por lo que fue condenado a 22 a\u00f1os de prisi\u00f3n. Por otro lado, Carlos Javier M. fue hallado culpable de encubrimiento del hurto y sentenciado a 2 a\u00f1os de prisi\u00f3n por colaborar con Enzo Iv\u00e1n despu\u00e9s del crimen.<br>Sin embargo, la defensa de Enzo Iv\u00e1n present\u00f3 un recurso de casaci\u00f3n ante el Superior Tribunal de Justicia, impugnando la validez del fallo. El STJ analiz\u00f3 detenidamente los argumentos y decidi\u00f3 hacer lugar parcialmente al recurso, revocando la condena impuesta a Enzo Iv\u00e1n R. y ordenando un nuevo juicio.<br>La decisi\u00f3n del STJ se fundament\u00f3 en que, aunque no se cuestionaba la autor\u00eda de Enzo en la muerte de Esp\u00edndola, la valoraci\u00f3n probatoria realizada por el Tribunal de Juicio era susceptible de revisi\u00f3n, especialmente en cuanto a la calificaci\u00f3n jur\u00eddica del delito y la determinaci\u00f3n de la pena.<br>El Superior Tribunal destac\u00f3 la importancia de los informes periciales psicol\u00f3gicos y sociales presentados por la defensa, que revelaban que Enzo hab\u00eda sido v\u00edctima de abuso sexual a los 13 a\u00f1os por parte de Carlos Javier M. El nuevo fallo expresa que omitir el impacto del abuso sexual en la psiquis de Enzo fue un error grave.<br>La Fiscal\u00eda se opuso a la decisi\u00f3n y argument\u00f3 que hubo dolo, y que Enzo pudo haber resuelto la situaci\u00f3n de otra manera, m\u00e1s all\u00e1 de sus condicionamientos.<\/p>\n\n\n\n<p><\/p>\n","protected":false},"excerpt":{"rendered":"<p>El Superior Tribunal de Justicia mediante Resoluci\u00f3n N \u00ba 82\/25, revoc\u00f3 la condena a 22 a\u00f1os de prisi\u00f3n por homicidio simple recibida por Enzo Iv\u00e1n R. por la muerte del&hellip; <\/p>\n","protected":false},"author":1,"featured_media":208736,"comment_status":"closed","ping_status":"open","sticky":false,"template":"","format":"standard","meta":{"footnotes":""},"categories":[5],"tags":[],"class_list":["post-208728","post","type-post","status-publish","format-standard","has-post-thumbnail","hentry","category-crimen-y-justicia"],"_links":{"self":[{"href":"https:\/\/corrientesdetarde.com\/index.php\/wp-json\/wp\/v2\/posts\/208728","targetHints":{"allow":["GET"]}}],"collection":[{"href":"https:\/\/corrientesdetarde.com\/index.php\/wp-json\/wp\/v2\/posts"}],"about":[{"href":"https:\/\/corrientesdetarde.com\/index.php\/wp-json\/wp\/v2\/types\/post"}],"author":[{"embeddable":true,"href":"https:\/\/corrientesdetarde.com\/index.php\/wp-json\/wp\/v2\/users\/1"}],"replies":[{"embeddable":true,"href":"https:\/\/corrientesdetarde.com\/index.php\/wp-json\/wp\/v2\/comments?post=208728"}],"version-history":[{"count":1,"href":"https:\/\/corrientesdetarde.com\/index.php\/wp-json\/wp\/v2\/posts\/208728\/revisions"}],"predecessor-version":[{"id":208737,"href":"https:\/\/corrientesdetarde.com\/index.php\/wp-json\/wp\/v2\/posts\/208728\/revisions\/208737"}],"wp:featuredmedia":[{"embeddable":true,"href":"https:\/\/corrientesdetarde.com\/index.php\/wp-json\/wp\/v2\/media\/208736"}],"wp:attachment":[{"href":"https:\/\/corrientesdetarde.com\/index.php\/wp-json\/wp\/v2\/media?parent=208728"}],"wp:term":[{"taxonomy":"category","embeddable":true,"href":"https:\/\/corrientesdetarde.com\/index.php\/wp-json\/wp\/v2\/categories?post=208728"},{"taxonomy":"post_tag","embeddable":true,"href":"https:\/\/corrientesdetarde.com\/index.php\/wp-json\/wp\/v2\/tags?post=208728"}],"curies":[{"name":"wp","href":"https:\/\/api.w.org\/{rel}","templated":true}]}}