{"id":208740,"date":"2025-05-21T08:56:42","date_gmt":"2025-05-21T11:56:42","guid":{"rendered":"https:\/\/corrientesdetarde.com\/?p=208740"},"modified":"2025-05-21T08:56:47","modified_gmt":"2025-05-21T11:56:47","slug":"un-efectivo-de-la-policia-de-corrientes-fallecio-en-siniestro","status":"publish","type":"post","link":"https:\/\/corrientesdetarde.com\/index.php\/policiales\/un-efectivo-de-la-policia-de-corrientes-fallecio-en-siniestro\/","title":{"rendered":"Un efectivo de la Polic\u00eda de Corrientes falleci\u00f3 en siniestro"},"content":{"rendered":"\n<p>Un efectivo de la Polic\u00eda de Corrientes falleci\u00f3 luego de haber protagonizado un siniestro vial. La v\u00edctima circulaba en una motocicleta y en un momento determinado termin\u00f3 chocando contra una mujer que se trasladaba en una bicicleta. El impact\u00f3 habr\u00eda provocado que el uniformado falleciera en el acto.<\/p>\n\n\n\n<p>El tr\u00e1gico hecho sucedi\u00f3 este mi\u00e9rcoles por la ma\u00f1ana sobre la ruta nacional 123 a pocos metros del ingreso a la localidad correntina de Chavarr\u00eda.<\/p>\n\n\n\n<p>Seg\u00fan lo informado por FM Guaran\u00ed, el agente de seguridad fue identificado con el apellido Alarc\u00f3n quien prestaba servicio en la comisar\u00eda de 9 de Julio.<\/p>\n\n\n\n<p>Por su parte, la ciclista debi\u00f3 ser trasladada de urgencia al hospital local. Por el momento se desconoce su estado de salud.&nbsp;<\/p>\n","protected":false},"excerpt":{"rendered":"<p>Un efectivo de la Polic\u00eda de Corrientes falleci\u00f3 luego de haber protagonizado un siniestro vial. La v\u00edctima circulaba en una motocicleta y en un momento determinado termin\u00f3 chocando contra una&hellip; <\/p>\n","protected":false},"author":1,"featured_media":208741,"comment_status":"closed","ping_status":"open","sticky":false,"template":"","format":"standard","meta":{"footnotes":""},"categories":[33],"tags":[],"class_list":["post-208740","post","type-post","status-publish","format-standard","has-post-thumbnail","hentry","category-policiales"],"_links":{"self":[{"href":"https:\/\/corrientesdetarde.com\/index.php\/wp-json\/wp\/v2\/posts\/208740","targetHints":{"allow":["GET"]}}],"collection":[{"href":"https:\/\/corrientesdetarde.com\/index.php\/wp-json\/wp\/v2\/posts"}],"about":[{"href":"https:\/\/corrientesdetarde.com\/index.php\/wp-json\/wp\/v2\/types\/post"}],"author":[{"embeddable":true,"href":"https:\/\/corrientesdetarde.com\/index.php\/wp-json\/wp\/v2\/users\/1"}],"replies":[{"embeddable":true,"href":"https:\/\/corrientesdetarde.com\/index.php\/wp-json\/wp\/v2\/comments?post=208740"}],"version-history":[{"count":1,"href":"https:\/\/corrientesdetarde.com\/index.php\/wp-json\/wp\/v2\/posts\/208740\/revisions"}],"predecessor-version":[{"id":208742,"href":"https:\/\/corrientesdetarde.com\/index.php\/wp-json\/wp\/v2\/posts\/208740\/revisions\/208742"}],"wp:featuredmedia":[{"embeddable":true,"href":"https:\/\/corrientesdetarde.com\/index.php\/wp-json\/wp\/v2\/media\/208741"}],"wp:attachment":[{"href":"https:\/\/corrientesdetarde.com\/index.php\/wp-json\/wp\/v2\/media?parent=208740"}],"wp:term":[{"taxonomy":"category","embeddable":true,"href":"https:\/\/corrientesdetarde.com\/index.php\/wp-json\/wp\/v2\/categories?post=208740"},{"taxonomy":"post_tag","embeddable":true,"href":"https:\/\/corrientesdetarde.com\/index.php\/wp-json\/wp\/v2\/tags?post=208740"}],"curies":[{"name":"wp","href":"https:\/\/api.w.org\/{rel}","templated":true}]}}