{"id":208751,"date":"2025-05-21T10:14:30","date_gmt":"2025-05-21T13:14:30","guid":{"rendered":"https:\/\/corrientesdetarde.com\/?p=208751"},"modified":"2025-05-21T10:14:49","modified_gmt":"2025-05-21T13:14:49","slug":"se-recordo-sobre-los-vencimientos-del-impuesto-inmobiliario-rural-2025","status":"publish","type":"post","link":"https:\/\/corrientesdetarde.com\/index.php\/economia\/se-recordo-sobre-los-vencimientos-del-impuesto-inmobiliario-rural-2025\/","title":{"rendered":"Se record\u00f3 sobre los vencimientos del Impuesto Inmobiliario Rural 2025"},"content":{"rendered":"\n<p>De acuerdo con lo establecido, en el mes de junio se producir\u00e1 el vencimiento de la segunda cuota, que representa el 25% del total del impuesto. La primera cuota, junto con la opci\u00f3n de pago total anual con descuento, ya venci\u00f3 el pasado 21 de abril.<\/p>\n\n\n\n<p><strong>Calendario de vencimientos 2025<\/strong><br>VENCIMIENTOS YA OPERADOS:<\/p>\n\n\n\n<p>Pago total anual anticipado: venci\u00f3 el 21 de abril de 2025. Los contribuyentes que abonaron dentro del plazo obtuvieron un 15% de descuento.<br>Primera cuota (25%): tambi\u00e9n venci\u00f3 el 21 de abril de 2025.<\/p>\n\n\n\n<p>VENCIMIENTOS PENDIENTES:<\/p>\n\n\n\n<p>Segunda cuota (25%): vence el 23 de junio de 2025.<br>Tercera cuota (25%): vence el 20 de agosto de 2025.<br>Cuarta cuota (25%): vence el 20 de octubre de 2025.<\/p>\n\n\n\n<p>Adem\u00e1s, Carando record\u00f3 que, a los valores liquidados en cada cuota, se aplicar\u00e1 una tasa de inter\u00e9s de financiaci\u00f3n del 2% mensual directo, para las fechas alternativas de cancelaci\u00f3n. Este inter\u00e9s comenzar\u00e1 a computarse a partir del vencimiento original previsto para cada cuota, conforme al Art\u00edculo 3\u00ba del Decreto N\u00ba 3230\/2024.<\/p>\n\n\n\n<p><strong>Tr\u00e1mites y consultas<\/strong><br>Los contribuyentes deben acceder al sitio oficial de la Direcci\u00f3n General de Rentas para consultar su situaci\u00f3n fiscal y gestionar sus pagos:<br>\ud83d\udc49  <a href=\"http:\/\/www.dgr.gov.ar\" data-type=\"link\" data-id=\"www.dgr.gov.ar\" target=\"_blank\" rel=\"noreferrer noopener\"> www.dgr.gov.ar<\/a><\/p>\n\n\n\n<p>Desde Hacienda se alienta a cumplir en t\u00e9rmino con las obligaciones tributarias para evitar recargos y facilitar el sostenimiento de los servicios p\u00fablicos en la provincia.<\/p>\n\n\n\n<p><\/p>\n","protected":false},"excerpt":{"rendered":"<p>De acuerdo con lo establecido, en el mes de junio se producir\u00e1 el vencimiento de la segunda cuota, que representa el 25% del total del impuesto. La primera cuota, junto&hellip; <\/p>\n","protected":false},"author":1,"featured_media":208757,"comment_status":"closed","ping_status":"open","sticky":false,"template":"","format":"standard","meta":{"footnotes":""},"categories":[20],"tags":[],"class_list":["post-208751","post","type-post","status-publish","format-standard","has-post-thumbnail","hentry","category-economia"],"_links":{"self":[{"href":"https:\/\/corrientesdetarde.com\/index.php\/wp-json\/wp\/v2\/posts\/208751","targetHints":{"allow":["GET"]}}],"collection":[{"href":"https:\/\/corrientesdetarde.com\/index.php\/wp-json\/wp\/v2\/posts"}],"about":[{"href":"https:\/\/corrientesdetarde.com\/index.php\/wp-json\/wp\/v2\/types\/post"}],"author":[{"embeddable":true,"href":"https:\/\/corrientesdetarde.com\/index.php\/wp-json\/wp\/v2\/users\/1"}],"replies":[{"embeddable":true,"href":"https:\/\/corrientesdetarde.com\/index.php\/wp-json\/wp\/v2\/comments?post=208751"}],"version-history":[{"count":1,"href":"https:\/\/corrientesdetarde.com\/index.php\/wp-json\/wp\/v2\/posts\/208751\/revisions"}],"predecessor-version":[{"id":208758,"href":"https:\/\/corrientesdetarde.com\/index.php\/wp-json\/wp\/v2\/posts\/208751\/revisions\/208758"}],"wp:featuredmedia":[{"embeddable":true,"href":"https:\/\/corrientesdetarde.com\/index.php\/wp-json\/wp\/v2\/media\/208757"}],"wp:attachment":[{"href":"https:\/\/corrientesdetarde.com\/index.php\/wp-json\/wp\/v2\/media?parent=208751"}],"wp:term":[{"taxonomy":"category","embeddable":true,"href":"https:\/\/corrientesdetarde.com\/index.php\/wp-json\/wp\/v2\/categories?post=208751"},{"taxonomy":"post_tag","embeddable":true,"href":"https:\/\/corrientesdetarde.com\/index.php\/wp-json\/wp\/v2\/tags?post=208751"}],"curies":[{"name":"wp","href":"https:\/\/api.w.org\/{rel}","templated":true}]}}