{"id":208765,"date":"2025-05-21T13:14:09","date_gmt":"2025-05-21T16:14:09","guid":{"rendered":"https:\/\/corrientesdetarde.com\/?p=208765"},"modified":"2025-05-21T13:14:13","modified_gmt":"2025-05-21T16:14:13","slug":"el-partido-popular-ratifico-la-adhesion-a-la-alianza-vamos-corrientes","status":"publish","type":"post","link":"https:\/\/corrientesdetarde.com\/index.php\/locales\/el-partido-popular-ratifico-la-adhesion-a-la-alianza-vamos-corrientes\/","title":{"rendered":"El Partido Popular ratific\u00f3 la adhesi\u00f3n a la alianza Vamos Corrientes"},"content":{"rendered":"\n<p>El Presidente del Partido Popular de Corrientes, Pedro Braillard Poccard,  ratific\u00f3 la adhesi\u00f3n del partido a la alianza Vamos Corrientes. \u201cCreemos que se est\u00e1 haciendo una tarea de transformaci\u00f3n en la provincia. Corrientes tiene pol\u00edticas definidas, casi todas relacionadas con la transformaci\u00f3n y el deseo nuestro es que haya una continuidad\u201d, dijo. \u00a0<audio src=\"https:\/\/www.radiosudamericana.com\/notix\/multimedia\/audios\/2025-05-21\/270950.mp3\"><\/audio><\/p>\n\n\n\n<p>Luego de la formalizaci\u00f3n de la adhesi\u00f3n del Partido Popular a la alianza Vamos Corrientes de cara a las elecciones provinciales, el presidente del espacio, Pedro Braillard Poccard, dijo\u00a0<strong>\u201cnuestro deseo es que haya una continuidad\u201d.<\/strong><\/p>\n\n\n\n<p>Referentes del PP de distintos puntos de la provincia, acompa\u00f1ado de su presidente, se reunieron en la ma\u00f1ana de este mi\u00e9rcoles con el gobernador Gustavo Vald\u00e9s. En el encuentro, ratificaron la pertenencia del partido a la alianza gobernante.<\/p>\n\n\n\n<p>\u201cAhora armamos una peque\u00f1a delegaci\u00f3n representada por regiones, funcionarios y legisladores y le informamos al gobernador la decisi\u00f3n del Partido Popular\u201d.<\/p>\n\n\n\n<p>\u201c<strong>Decidimos continuar porque creemos que se est\u00e1 haciendo una tarea de transformaci\u00f3n en la provincia, con aciertos y errores, con cosas que quedan por hacerse, pero es demasiado lo que hay para mostrar<\/strong>\u201d, asegur\u00f3 el actual vicegobernador. &nbsp;<\/p>\n\n\n\n<p>\u201cHoy Corrientes tiene pol\u00edticas definidas en un mont\u00f3n de cuestiones, casi todas ellas relacionadas con la transformaci\u00f3n de la provincia.&nbsp;<strong>El deseo nuestro es que haya una continuidad. Creemos en eso, por eso estamos adentro y por eso vamos a hacer todo el esfuerzo para ayudar a que quienes surjan de los acuerdos como candidatos, tengan el mayor acompa\u00f1amiento\u201d.<\/strong><\/p>\n","protected":false},"excerpt":{"rendered":"<p>El Presidente del Partido Popular de Corrientes, Pedro Braillard Poccard, ratific\u00f3 la adhesi\u00f3n del partido a la alianza Vamos Corrientes. \u201cCreemos que se est\u00e1 haciendo una tarea de transformaci\u00f3n en&hellip; <\/p>\n","protected":false},"author":8,"featured_media":208766,"comment_status":"closed","ping_status":"open","sticky":false,"template":"","format":"standard","meta":{"footnotes":""},"categories":[8],"tags":[],"class_list":["post-208765","post","type-post","status-publish","format-standard","has-post-thumbnail","hentry","category-locales"],"_links":{"self":[{"href":"https:\/\/corrientesdetarde.com\/index.php\/wp-json\/wp\/v2\/posts\/208765","targetHints":{"allow":["GET"]}}],"collection":[{"href":"https:\/\/corrientesdetarde.com\/index.php\/wp-json\/wp\/v2\/posts"}],"about":[{"href":"https:\/\/corrientesdetarde.com\/index.php\/wp-json\/wp\/v2\/types\/post"}],"author":[{"embeddable":true,"href":"https:\/\/corrientesdetarde.com\/index.php\/wp-json\/wp\/v2\/users\/8"}],"replies":[{"embeddable":true,"href":"https:\/\/corrientesdetarde.com\/index.php\/wp-json\/wp\/v2\/comments?post=208765"}],"version-history":[{"count":1,"href":"https:\/\/corrientesdetarde.com\/index.php\/wp-json\/wp\/v2\/posts\/208765\/revisions"}],"predecessor-version":[{"id":208767,"href":"https:\/\/corrientesdetarde.com\/index.php\/wp-json\/wp\/v2\/posts\/208765\/revisions\/208767"}],"wp:featuredmedia":[{"embeddable":true,"href":"https:\/\/corrientesdetarde.com\/index.php\/wp-json\/wp\/v2\/media\/208766"}],"wp:attachment":[{"href":"https:\/\/corrientesdetarde.com\/index.php\/wp-json\/wp\/v2\/media?parent=208765"}],"wp:term":[{"taxonomy":"category","embeddable":true,"href":"https:\/\/corrientesdetarde.com\/index.php\/wp-json\/wp\/v2\/categories?post=208765"},{"taxonomy":"post_tag","embeddable":true,"href":"https:\/\/corrientesdetarde.com\/index.php\/wp-json\/wp\/v2\/tags?post=208765"}],"curies":[{"name":"wp","href":"https:\/\/api.w.org\/{rel}","templated":true}]}}