{"id":208776,"date":"2025-05-21T13:36:48","date_gmt":"2025-05-21T16:36:48","guid":{"rendered":"https:\/\/corrientesdetarde.com\/?p=208776"},"modified":"2025-05-21T13:37:00","modified_gmt":"2025-05-21T16:37:00","slug":"fortalecimiento-del-sistema-sanitario-provincial","status":"publish","type":"post","link":"https:\/\/corrientesdetarde.com\/index.php\/bienestar-y-salud\/fortalecimiento-del-sistema-sanitario-provincial\/","title":{"rendered":"Fortalecimiento del Sistema Sanitario Provincial"},"content":{"rendered":"\n<p>El Ministerio de Salud P\u00fablica de la Provincia avanza en el fortalecimiento del sistema sanitario provincial, priorizando la incorporaci\u00f3n de personal y la mejora de condiciones laborales.<\/p>\n\n\n\n<p>En lo que va del a\u00f1o, se concretaron 50 nuevos contratos a profesionales que antes se desempe\u00f1aban bajo convenio, en un proceso progresivo que apunta a la regularizaci\u00f3n laboral. Adem\u00e1s, se sumaron 560 contratos de enfermeros, lo que permite mejorar la atenci\u00f3n en los distintos niveles del sistema.<\/p>\n\n\n\n<p>En articulaci\u00f3n con el Ministerio de Hacienda, tambi\u00e9n se avanz\u00f3 en la mejora de becas de enfermer\u00eda, con el objetivo de dignificar la tarea diaria.<\/p>\n\n\n\n<p>Desde la cartera sanitaria destacaron que se mantiene el compromiso y el di\u00e1logo abierto para seguir mejorando la calidad de los servicios de salud.<\/p>\n\n\n\n<figure class=\"wp-block-image size-large\"><img loading=\"lazy\" decoding=\"async\" width=\"1024\" height=\"576\" src=\"https:\/\/corrientesdetarde.com\/wp-content\/uploads\/2025\/05\/image-760-1024x576.png\" alt=\"\" class=\"wp-image-208777\" srcset=\"https:\/\/corrientesdetarde.com\/wp-content\/uploads\/2025\/05\/image-760-1024x576.png 1024w, https:\/\/corrientesdetarde.com\/wp-content\/uploads\/2025\/05\/image-760-300x169.png 300w, https:\/\/corrientesdetarde.com\/wp-content\/uploads\/2025\/05\/image-760-768x432.png 768w, https:\/\/corrientesdetarde.com\/wp-content\/uploads\/2025\/05\/image-760.png 1280w\" sizes=\"auto, (max-width: 1024px) 100vw, 1024px\" \/><\/figure>\n","protected":false},"excerpt":{"rendered":"<p>El Ministerio de Salud P\u00fablica de la Provincia avanza en el fortalecimiento del sistema sanitario provincial, priorizando la incorporaci\u00f3n de personal y la mejora de condiciones laborales. En lo que&hellip; <\/p>\n","protected":false},"author":8,"featured_media":208777,"comment_status":"closed","ping_status":"open","sticky":false,"template":"","format":"standard","meta":{"footnotes":""},"categories":[16],"tags":[],"class_list":["post-208776","post","type-post","status-publish","format-standard","has-post-thumbnail","hentry","category-bienestar-y-salud"],"_links":{"self":[{"href":"https:\/\/corrientesdetarde.com\/index.php\/wp-json\/wp\/v2\/posts\/208776","targetHints":{"allow":["GET"]}}],"collection":[{"href":"https:\/\/corrientesdetarde.com\/index.php\/wp-json\/wp\/v2\/posts"}],"about":[{"href":"https:\/\/corrientesdetarde.com\/index.php\/wp-json\/wp\/v2\/types\/post"}],"author":[{"embeddable":true,"href":"https:\/\/corrientesdetarde.com\/index.php\/wp-json\/wp\/v2\/users\/8"}],"replies":[{"embeddable":true,"href":"https:\/\/corrientesdetarde.com\/index.php\/wp-json\/wp\/v2\/comments?post=208776"}],"version-history":[{"count":1,"href":"https:\/\/corrientesdetarde.com\/index.php\/wp-json\/wp\/v2\/posts\/208776\/revisions"}],"predecessor-version":[{"id":208778,"href":"https:\/\/corrientesdetarde.com\/index.php\/wp-json\/wp\/v2\/posts\/208776\/revisions\/208778"}],"wp:featuredmedia":[{"embeddable":true,"href":"https:\/\/corrientesdetarde.com\/index.php\/wp-json\/wp\/v2\/media\/208777"}],"wp:attachment":[{"href":"https:\/\/corrientesdetarde.com\/index.php\/wp-json\/wp\/v2\/media?parent=208776"}],"wp:term":[{"taxonomy":"category","embeddable":true,"href":"https:\/\/corrientesdetarde.com\/index.php\/wp-json\/wp\/v2\/categories?post=208776"},{"taxonomy":"post_tag","embeddable":true,"href":"https:\/\/corrientesdetarde.com\/index.php\/wp-json\/wp\/v2\/tags?post=208776"}],"curies":[{"name":"wp","href":"https:\/\/api.w.org\/{rel}","templated":true}]}}