{"id":208781,"date":"2025-05-21T13:41:20","date_gmt":"2025-05-21T16:41:20","guid":{"rendered":"https:\/\/corrientesdetarde.com\/?p=208781"},"modified":"2025-05-21T13:41:31","modified_gmt":"2025-05-21T16:41:31","slug":"el-programa-vera-itinerante-brindo-capacitaciones-en-ituzaingo","status":"publish","type":"post","link":"https:\/\/corrientesdetarde.com\/index.php\/cultura\/el-programa-vera-itinerante-brindo-capacitaciones-en-ituzaingo\/","title":{"rendered":"El programa \u201cVera Itinerante\u201d brind\u00f3 capacitaciones en Ituzaing\u00f3"},"content":{"rendered":"\n<p>El ciclo de capacitaciones ideado desde el Teatro Oficial Juan de Vera que ofrece herramientas al sector cultural del interior provincial recal\u00f3 el pasado fin de semana en Ituzaing\u00f3, con amplia convocatoria<\/p>\n\n\n\n<p>El programa \u201cVera Itinerante\u201d recal\u00f3 en Ituzaing\u00f3 el pasado fin de semana, organizado por el Teatro Juan de Vera, dependiente del Instituto de Cultura y en articulaci\u00f3n con el municipio de Ituzaing\u00f3, con tres capacitaciones de acceso gratuito y dirigidas al sector cultural, con el objetivo de promover la formaci\u00f3n, el intercambio y el fortalecimiento de las capacidades de artistas y actores culturales en distintas regiones, contribuyendo as\u00ed al desarrollo integral del sector en todo el territorio provincial.<\/p>\n\n\n\n<p>Los d\u00edas 17 y 18 de mayo participaron 80 talleristas en espacios de formaci\u00f3n de las disciplinas del teatro y la danza, desarroll\u00e1ndose en el Centro Cultural de Ituzaing\u00f3 y en el Estudio de Danzas Nayli Ballet.<\/p>\n\n\n\n<p>Las capacitaciones brindadas fueron el Taller de Danza Contempor\u00e1nea, dirigido por Antonella Ojeda, centrado en pr\u00e1cticas de entrenamiento y exploraci\u00f3n del movimiento, promoviendo la reflexi\u00f3n sobre la corporeidad y la autenticidad del cuerpo.<\/p>\n\n\n\n<p>El Seminario de Danzas Cl\u00e1sicas, a cargo de Martha Laclau, que fortaleci\u00f3 conocimientos t\u00e9cnicos mediante ejercicios en barra y en el centro, con \u00e9nfasis en la incorporaci\u00f3n de nuevos conceptos aplicables en la formaci\u00f3n diaria de los participantes.<\/p>\n\n\n\n<p>Y la Clase de Entrenamiento Actoral, dictada por Milton Roses, dise\u00f1ada para brindar herramientas de actuaci\u00f3n a todos los niveles, promoviendo la creatividad, la autoexpresi\u00f3n y la integraci\u00f3n de habilidades en improvisaci\u00f3n, interpretaci\u00f3n y creaci\u00f3n de personajes.<\/p>\n\n\n\n<p>Participaron Compa\u00f1ia de Teatro Antonio Orellana, Academia de Ballet de Mosc\u00fa, Academia de Danzas NayLi Ballet, Academia aria Elena Oddone, Academia Maria Alejandra Chentola, ArteStudio Academia de Danza, Centro Integral de Danzas M\u00f3nica Aguilera, Academia Ensaya con Saya, Academia Estilo Samba y artistas independientes de la danza y las artes esc\u00e9nicas.<\/p>\n\n\n\n<p><strong>Pr\u00f3xima fecha<\/strong><\/p>\n\n\n\n<p>El ciclo Vera Itinerante llegar\u00e1 a Monte Caseros los d\u00edas s\u00e1bado 14 y domingo 15 de junio.<\/p>\n\n\n\n<figure class=\"wp-block-image size-large\"><img loading=\"lazy\" decoding=\"async\" width=\"1024\" height=\"768\" src=\"https:\/\/corrientesdetarde.com\/wp-content\/uploads\/2025\/05\/image-762-1024x768.png\" alt=\"\" class=\"wp-image-208783\" srcset=\"https:\/\/corrientesdetarde.com\/wp-content\/uploads\/2025\/05\/image-762-1024x768.png 1024w, https:\/\/corrientesdetarde.com\/wp-content\/uploads\/2025\/05\/image-762-300x225.png 300w, https:\/\/corrientesdetarde.com\/wp-content\/uploads\/2025\/05\/image-762-768x576.png 768w, https:\/\/corrientesdetarde.com\/wp-content\/uploads\/2025\/05\/image-762-1536x1152.png 1536w, https:\/\/corrientesdetarde.com\/wp-content\/uploads\/2025\/05\/image-762.png 1600w\" sizes=\"auto, (max-width: 1024px) 100vw, 1024px\" \/><\/figure>\n","protected":false},"excerpt":{"rendered":"<p>El ciclo de capacitaciones ideado desde el Teatro Oficial Juan de Vera que ofrece herramientas al sector cultural del interior provincial recal\u00f3 el pasado fin de semana en Ituzaing\u00f3, con&hellip; <\/p>\n","protected":false},"author":8,"featured_media":208782,"comment_status":"closed","ping_status":"open","sticky":false,"template":"","format":"standard","meta":{"footnotes":""},"categories":[15],"tags":[],"class_list":["post-208781","post","type-post","status-publish","format-standard","has-post-thumbnail","hentry","category-cultura"],"_links":{"self":[{"href":"https:\/\/corrientesdetarde.com\/index.php\/wp-json\/wp\/v2\/posts\/208781","targetHints":{"allow":["GET"]}}],"collection":[{"href":"https:\/\/corrientesdetarde.com\/index.php\/wp-json\/wp\/v2\/posts"}],"about":[{"href":"https:\/\/corrientesdetarde.com\/index.php\/wp-json\/wp\/v2\/types\/post"}],"author":[{"embeddable":true,"href":"https:\/\/corrientesdetarde.com\/index.php\/wp-json\/wp\/v2\/users\/8"}],"replies":[{"embeddable":true,"href":"https:\/\/corrientesdetarde.com\/index.php\/wp-json\/wp\/v2\/comments?post=208781"}],"version-history":[{"count":1,"href":"https:\/\/corrientesdetarde.com\/index.php\/wp-json\/wp\/v2\/posts\/208781\/revisions"}],"predecessor-version":[{"id":208784,"href":"https:\/\/corrientesdetarde.com\/index.php\/wp-json\/wp\/v2\/posts\/208781\/revisions\/208784"}],"wp:featuredmedia":[{"embeddable":true,"href":"https:\/\/corrientesdetarde.com\/index.php\/wp-json\/wp\/v2\/media\/208782"}],"wp:attachment":[{"href":"https:\/\/corrientesdetarde.com\/index.php\/wp-json\/wp\/v2\/media?parent=208781"}],"wp:term":[{"taxonomy":"category","embeddable":true,"href":"https:\/\/corrientesdetarde.com\/index.php\/wp-json\/wp\/v2\/categories?post=208781"},{"taxonomy":"post_tag","embeddable":true,"href":"https:\/\/corrientesdetarde.com\/index.php\/wp-json\/wp\/v2\/tags?post=208781"}],"curies":[{"name":"wp","href":"https:\/\/api.w.org\/{rel}","templated":true}]}}