{"id":208785,"date":"2025-05-21T13:45:41","date_gmt":"2025-05-21T16:45:41","guid":{"rendered":"https:\/\/corrientesdetarde.com\/?p=208785"},"modified":"2025-05-22T08:24:47","modified_gmt":"2025-05-22T11:24:47","slug":"paso-de-la-patria-se-prepara-para-la-6-fiesta-provincial-del-estofado","status":"publish","type":"post","link":"https:\/\/corrientesdetarde.com\/index.php\/informacion-general\/paso-de-la-patria-se-prepara-para-la-6-fiesta-provincial-del-estofado\/","title":{"rendered":"Paso de la Patria se prepara para la 6\u00b0 Fiesta Provincial del Estofado"},"content":{"rendered":"\n<p>El pr\u00f3ximo 31 de mayo y 1 de junio tendr\u00e1 lugar la 6\u00b0 edici\u00f3n de la Fiesta Provincial del Estofado en Paso de la Patria, uno de los eventos gastron\u00f3micos y culturales m\u00e1s destacado de la regi\u00f3n. Ser\u00e1 en el M\u00e9dano Hist\u00f3rico, donde se concentrar\u00e1n vecinos, turistas, cocineros, gauchos, jinetes y familias enteras. Este mi\u00e9rcoles en Casa de Gobierno se realiz\u00f3 el lanzamiento oficial, presidido por la ministra de Turismo, Alejandra Eliciri y dem\u00e1s funcionarios provinciales y municipales.<\/p>\n\n\n\n<p>Consolidada como un cl\u00e1sico del litoral, esta fiesta no solo pone en valor las ra\u00edces culinarias correntinas, sino que tambi\u00e9n promueve el turismo local, la identidad regional y la participaci\u00f3n comunitaria.<\/p>\n\n\n\n<p>Entre las principales actividades se destaca la competencia gastron\u00f3mica, a realizarse el d\u00eda s\u00e1bado 31.&nbsp;Las inscripciones se encuentran abiertas hasta ese d\u00eda. Los participantes podr\u00e1n competir por importantes premios que incluyen hornos, anafes, ollas, paelleras y kits de cocina profesional. El costo de inscripci\u00f3n es de $20.000 para el p\u00fablico general y $10.000 para residentes de Paso de la Patria.<\/p>\n\n\n\n<p>Adem\u00e1s, se realizar\u00e1 la tradicional elecci\u00f3n de la Embajadora, buscando a la representante que llevar\u00e1 el esp\u00edritu de la fiesta a toda la provincia.<\/p>\n\n\n\n<p>En tanto, el domingo 1 habr\u00e1 doma y jineteada con actividades gauchescas, sorteos, payadores y competencias. Ambas jornadas ser\u00e1n musicalizadas por artistas de distintos g\u00e9neros, entre los que se destacan Diego Guti\u00e9rrez, \u00c1ngel Piciochi y Vruno.<\/p>\n\n\n\n<p>\u201cRealmente celebramos que cada a\u00f1o se vaya posicionando la provincia de Corrientes con distintas propuestas tur\u00edsticas, como por el lado de las fiestas que ya se han posicionado\u201d, sostuvo la ministra Eliciri.<\/p>\n\n\n\n<p>La titular de Turismo, dio cuenta que \u201cdurante todo el a\u00f1o Paso de la Patria tambi\u00e9n tiene sus propuestas de playas, pesca y pone valor a su gastronom\u00eda\u201d.<\/p>\n\n\n\n<p>\u201cCorrientes se ha consolidado como un destino tur\u00edstico a lo largo del a\u00f1o para los fines de semana, y lo venimos observando\u201d, expres\u00f3 la funcionaria en relaci\u00f3n a los eventos, en general, que ofrece la provincia para los visitantes.<\/p>\n\n\n\n<p>Asimismo, Eliciri manifest\u00f3 que \u201clas localidades son las que hacen que el turismo funcione, con sus diferentes ofertas tur\u00edsticas junto a sus equipos t\u00e9cnicos y el trabajo de los intendentes\u201d.<\/p>\n\n\n\n<p>Continuando, consider\u00f3 que la Fiesta del Estofado \u201cya no es solamente para los locales o para las localidades vecinas, sino que tambi\u00e9n ya acuden m\u00e1s visitantes de otras ciudades\u201d. \u201cQueremos Paso de la Patria no sea un destino tur\u00edstico por un solo producto, sino que, al contrario, desarrolle una oferta tur\u00edstica variada que permita que realmente vaya gente cuando quiera, en el momento que quiera y disfrute los fines de semana\u201d, a\u00f1adi\u00f3 la misma, a modo de cierre.<\/p>\n\n\n\n<p><strong>Intendente de Paso de la Patria<\/strong><\/p>\n\n\n\n<p>En primer lugar, el intendente de Paso de la Patria, Guillermo Osnaghi, agradeci\u00f3 al Ministerio de Turismo por apoyar decididamente esta fiesta, que \u201ca\u00f1o a a\u00f1o crece en participaci\u00f3n y convocatoria, sumando nuevos cocineros y que ser\u00e1 un gran \u00e9xito\u201d.<\/p>\n\n\n\n<p>Luego, el jefe comunal coment\u00f3 que, para garantizar una mejor log\u00edstica al evento, se van a ocupar como predio cuatro manzanas en la zona de los m\u00e9danos, para darle comodidad y visibilidad al trabajo de los cocineros y a las dem\u00e1s actividades programadas.<\/p>\n\n\n\n<p>\u201cEsta es una fiesta de las familias, de los turistas y de nuestra gente\u201d, enfatiz\u00f3 Osnaghi, invitando a todos a ser part\u00edcipes de la misma y a degustar el \u201cmejor estofado\u201d.<\/p>\n\n\n\n<p><strong>Grila art\u00edstica<\/strong><\/p>\n\n\n\n<ul class=\"wp-block-list\">\n<li>SABADO 31 DE MAYO:\u00a0Diego Guti\u00e9rrez, \u00c1ngel Piciochi, La Cubana, Los Vecinos, Los Troperos Del Tarag\u00fc\u00ed, Los Tiradores Del Chamam\u00e9, Los Andariegos\u00a0y Academias Pase\u00f1as,<\/li>\n\n\n\n<li>DOMINGO 1 DE JUNIO:\u00a0Iv\u00e1n Ruiz, Vruno, Los Nuevos Amanecidos, Ariel Gauna, Los Pr\u00edncipes De Misiones, Sebasti\u00e1n y Joaqu\u00edn Cabrera, Los Gemelos Vallejos Y Hermanos Escalante, La Banda Sabrosa, Academias Pase\u00f1as, Nuestro Estilo, Samuelito y La Fuerza Joven.<\/li>\n<\/ul>\n\n\n\n<p><strong>Presencias<\/strong><\/p>\n\n\n\n<p>Adem\u00e1s de las mencionadas autoridades, estuvieron el subsecretario de Promoci\u00f3n e Inversiones Tur\u00edsticas, Augusto Costaguta; el secretario de Turismo de Paso de la Patria, Nahuel Ramos; y dem\u00e1s autoridades provinciales y municipales.<\/p>\n\n\n\n<figure class=\"wp-block-image size-large\"><img loading=\"lazy\" decoding=\"async\" width=\"1024\" height=\"671\" src=\"https:\/\/corrientesdetarde.com\/wp-content\/uploads\/2025\/05\/image-764-1024x671.png\" alt=\"\" class=\"wp-image-208787\" srcset=\"https:\/\/corrientesdetarde.com\/wp-content\/uploads\/2025\/05\/image-764-1024x671.png 1024w, https:\/\/corrientesdetarde.com\/wp-content\/uploads\/2025\/05\/image-764-300x197.png 300w, https:\/\/corrientesdetarde.com\/wp-content\/uploads\/2025\/05\/image-764-768x503.png 768w, https:\/\/corrientesdetarde.com\/wp-content\/uploads\/2025\/05\/image-764-1536x1006.png 1536w, https:\/\/corrientesdetarde.com\/wp-content\/uploads\/2025\/05\/image-764.png 1600w\" sizes=\"auto, (max-width: 1024px) 100vw, 1024px\" \/><\/figure>\n\n\n\n<figure class=\"wp-block-image size-large\"><img loading=\"lazy\" decoding=\"async\" width=\"1024\" height=\"682\" src=\"https:\/\/corrientesdetarde.com\/wp-content\/uploads\/2025\/05\/image-765-1024x682.png\" alt=\"\" class=\"wp-image-208788\" srcset=\"https:\/\/corrientesdetarde.com\/wp-content\/uploads\/2025\/05\/image-765-1024x682.png 1024w, https:\/\/corrientesdetarde.com\/wp-content\/uploads\/2025\/05\/image-765-300x200.png 300w, https:\/\/corrientesdetarde.com\/wp-content\/uploads\/2025\/05\/image-765-768x512.png 768w, https:\/\/corrientesdetarde.com\/wp-content\/uploads\/2025\/05\/image-765-1536x1023.png 1536w, https:\/\/corrientesdetarde.com\/wp-content\/uploads\/2025\/05\/image-765.png 1600w\" sizes=\"auto, (max-width: 1024px) 100vw, 1024px\" \/><\/figure>\n\n\n\n<figure class=\"wp-block-image size-large\"><img loading=\"lazy\" decoding=\"async\" width=\"1024\" height=\"682\" src=\"https:\/\/corrientesdetarde.com\/wp-content\/uploads\/2025\/05\/image-766-1024x682.png\" alt=\"\" class=\"wp-image-208789\" srcset=\"https:\/\/corrientesdetarde.com\/wp-content\/uploads\/2025\/05\/image-766-1024x682.png 1024w, https:\/\/corrientesdetarde.com\/wp-content\/uploads\/2025\/05\/image-766-300x200.png 300w, https:\/\/corrientesdetarde.com\/wp-content\/uploads\/2025\/05\/image-766-768x512.png 768w, https:\/\/corrientesdetarde.com\/wp-content\/uploads\/2025\/05\/image-766-1536x1023.png 1536w, https:\/\/corrientesdetarde.com\/wp-content\/uploads\/2025\/05\/image-766.png 1600w\" sizes=\"auto, (max-width: 1024px) 100vw, 1024px\" \/><\/figure>\n\n\n\n<figure class=\"wp-block-image size-large\"><img loading=\"lazy\" decoding=\"async\" width=\"1024\" height=\"682\" src=\"https:\/\/corrientesdetarde.com\/wp-content\/uploads\/2025\/05\/image-767-1024x682.png\" alt=\"\" class=\"wp-image-208790\" srcset=\"https:\/\/corrientesdetarde.com\/wp-content\/uploads\/2025\/05\/image-767-1024x682.png 1024w, https:\/\/corrientesdetarde.com\/wp-content\/uploads\/2025\/05\/image-767-300x200.png 300w, https:\/\/corrientesdetarde.com\/wp-content\/uploads\/2025\/05\/image-767-768x512.png 768w, https:\/\/corrientesdetarde.com\/wp-content\/uploads\/2025\/05\/image-767-1536x1023.png 1536w, https:\/\/corrientesdetarde.com\/wp-content\/uploads\/2025\/05\/image-767.png 1600w\" sizes=\"auto, (max-width: 1024px) 100vw, 1024px\" \/><\/figure>\n\n\n\n<figure class=\"wp-block-image size-large\"><img loading=\"lazy\" decoding=\"async\" width=\"1024\" height=\"670\" src=\"https:\/\/corrientesdetarde.com\/wp-content\/uploads\/2025\/05\/image-768-1024x670.png\" alt=\"\" class=\"wp-image-208791\" srcset=\"https:\/\/corrientesdetarde.com\/wp-content\/uploads\/2025\/05\/image-768-1024x670.png 1024w, https:\/\/corrientesdetarde.com\/wp-content\/uploads\/2025\/05\/image-768-300x196.png 300w, https:\/\/corrientesdetarde.com\/wp-content\/uploads\/2025\/05\/image-768-768x503.png 768w, https:\/\/corrientesdetarde.com\/wp-content\/uploads\/2025\/05\/image-768-1536x1005.png 1536w, https:\/\/corrientesdetarde.com\/wp-content\/uploads\/2025\/05\/image-768.png 1600w\" sizes=\"auto, (max-width: 1024px) 100vw, 1024px\" \/><\/figure>\n\n\n\n<figure class=\"wp-block-image size-large\"><img loading=\"lazy\" decoding=\"async\" width=\"1024\" height=\"768\" src=\"https:\/\/corrientesdetarde.com\/wp-content\/uploads\/2025\/05\/image-769-1024x768.png\" alt=\"\" class=\"wp-image-208792\" srcset=\"https:\/\/corrientesdetarde.com\/wp-content\/uploads\/2025\/05\/image-769-1024x768.png 1024w, https:\/\/corrientesdetarde.com\/wp-content\/uploads\/2025\/05\/image-769-300x225.png 300w, https:\/\/corrientesdetarde.com\/wp-content\/uploads\/2025\/05\/image-769-768x576.png 768w, https:\/\/corrientesdetarde.com\/wp-content\/uploads\/2025\/05\/image-769-1536x1152.png 1536w, https:\/\/corrientesdetarde.com\/wp-content\/uploads\/2025\/05\/image-769-2048x1536.png 2048w\" sizes=\"auto, (max-width: 1024px) 100vw, 1024px\" \/><\/figure>\n","protected":false},"excerpt":{"rendered":"<p>El pr\u00f3ximo 31 de mayo y 1 de junio tendr\u00e1 lugar la 6\u00b0 edici\u00f3n de la Fiesta Provincial del Estofado en Paso de la Patria, uno de los eventos gastron\u00f3micos&hellip; <\/p>\n","protected":false},"author":8,"featured_media":208786,"comment_status":"closed","ping_status":"open","sticky":false,"template":"","format":"standard","meta":{"footnotes":""},"categories":[1],"tags":[],"class_list":["post-208785","post","type-post","status-publish","format-standard","has-post-thumbnail","hentry","category-informacion-general"],"_links":{"self":[{"href":"https:\/\/corrientesdetarde.com\/index.php\/wp-json\/wp\/v2\/posts\/208785","targetHints":{"allow":["GET"]}}],"collection":[{"href":"https:\/\/corrientesdetarde.com\/index.php\/wp-json\/wp\/v2\/posts"}],"about":[{"href":"https:\/\/corrientesdetarde.com\/index.php\/wp-json\/wp\/v2\/types\/post"}],"author":[{"embeddable":true,"href":"https:\/\/corrientesdetarde.com\/index.php\/wp-json\/wp\/v2\/users\/8"}],"replies":[{"embeddable":true,"href":"https:\/\/corrientesdetarde.com\/index.php\/wp-json\/wp\/v2\/comments?post=208785"}],"version-history":[{"count":1,"href":"https:\/\/corrientesdetarde.com\/index.php\/wp-json\/wp\/v2\/posts\/208785\/revisions"}],"predecessor-version":[{"id":208793,"href":"https:\/\/corrientesdetarde.com\/index.php\/wp-json\/wp\/v2\/posts\/208785\/revisions\/208793"}],"wp:featuredmedia":[{"embeddable":true,"href":"https:\/\/corrientesdetarde.com\/index.php\/wp-json\/wp\/v2\/media\/208786"}],"wp:attachment":[{"href":"https:\/\/corrientesdetarde.com\/index.php\/wp-json\/wp\/v2\/media?parent=208785"}],"wp:term":[{"taxonomy":"category","embeddable":true,"href":"https:\/\/corrientesdetarde.com\/index.php\/wp-json\/wp\/v2\/categories?post=208785"},{"taxonomy":"post_tag","embeddable":true,"href":"https:\/\/corrientesdetarde.com\/index.php\/wp-json\/wp\/v2\/tags?post=208785"}],"curies":[{"name":"wp","href":"https:\/\/api.w.org\/{rel}","templated":true}]}}