{"id":209071,"date":"2025-05-23T01:13:45","date_gmt":"2025-05-23T04:13:45","guid":{"rendered":"https:\/\/corrientesdetarde.com\/?p=209071"},"modified":"2025-05-23T01:13:56","modified_gmt":"2025-05-23T04:13:56","slug":"wanda-nada-me-da-verguenza-ajena-graciela-alfano-volvio-a-apuntar-contra-la-ex-de-mauro-icardi","status":"publish","type":"post","link":"https:\/\/corrientesdetarde.com\/index.php\/espectaculos\/wanda-nada-me-da-verguenza-ajena-graciela-alfano-volvio-a-apuntar-contra-la-ex-de-mauro-icardi\/","title":{"rendered":"&#8220;Wanda Nada me da verg\u00fcenza ajena&#8221;: Graciela Alfano volvi\u00f3 a apuntar contra la ex de Mauro Icardi"},"content":{"rendered":"\n<h2 class=\"wp-block-heading\">La vedette fue tajante contra la medi\u00e1tica y revel\u00f3 que le gustar\u00eda que \u201cLa China\u201d Su\u00e1rez protagonice una serie sobre su vida.<\/h2>\n\n\n\n<p>La ex vedette&nbsp;<strong>Graciela Alfano<\/strong>&nbsp;contin\u00faa en medio de la pol\u00e9mica del Wandagate y es que hace clara su opini\u00f3n&nbsp;<strong>en defensa de Eugenia \u201cLa China\u201d Su\u00e1rez,&nbsp;<\/strong>a quien mira con buenos ojos para que&nbsp;<strong>protagonice una serie sobre su vida y as\u00ed personalice a \u201cGrace\u201d de joven.<\/strong><\/p>\n\n\n\n<p>En di\u00e1logo con Baby Etchecopar en<strong>&nbsp;\u201cBasta Baby\u201d por Radio Rivadavia,&nbsp;<\/strong>Alfano se refiri\u00f3 a su publicaci\u00f3n<strong>&nbsp;sobre Yanina Latorre: \u201cNo estoy peleada con Yanina<\/strong>, no me peleo con las personas porque no tengo algo personal con nadie. Si una persona como ella me imprime la vida, me tengo que matar\u201d.<\/p>\n\n\n\n<p>En este sentido, la int\u00e9rprete apunt\u00f3 contra Wanda Nara, su entorno y la forma en que algunos programas se refieren al conflicto:<strong>&nbsp;\u201cHubo un ataque muy frontal a la `China` Su\u00e1rez, una cosa realmente densa, preocupante\u201d.<\/strong><\/p>\n\n\n\n<p>\u201cYanina hace una campa\u00f1a fatal en contra de Eugenia. No s\u00e9 a qui\u00e9n le mueve, habl\u00e9 por privado con ella y le tiene que molestar. Lo s\u00e9 porque me met\u00ed en la cuenta y&nbsp;<strong>con mi posteo tuve 500 comentarios de haters. Lo hacen en programas en vivo tambi\u00e9n\u201d<\/strong><\/p>\n\n\n\n<p><strong>\u201c\u00bfQu\u00e9 pelotudez es la de \u2018te robaron al marido\u2019?&nbsp;<\/strong>Los matrimonios no los rompen nadie m\u00e1s que los c\u00f3nyuges. El marido no te lo roba nadie porque hablamos de no cosificar a una mujer y los hombres no son un objeto para robar. El matrimonio se rompi\u00f3 por falta de amor o lo que fuera. No pod\u00e9s se\u00f1alar a una persona que vino, que es nueva pareja de ese pibe, y hacerle toda una campa\u00f1a en contra\u201d, continu\u00f3.<\/p>\n\n\n\n<p>M\u00e1s tarde, la ex vedette se refiri\u00f3 a la conductora y revel\u00f3: \u201cLe digo Wanda Nada\u201d a lo que se explay\u00f3. \u201c\u00bfPor qu\u00e9 esta sociedad est\u00e1 tan interesada en una nada?\u201d, apunt\u00f3 Alfano al tiempo que lo compar\u00f3 con la antigua Roma:<strong>&nbsp;\u201cLos romanos con \u2018pan y circo\u2019 y es lo de siempre. Cuando el circo cae (&#8230;) Me da verg\u00fcenza ajena\u201d.<\/strong><\/p>\n\n\n\n<p>\u201c<strong>Tenemos argentinos brillantes a los que no se les da lugar.&nbsp;<\/strong>La televisi\u00f3n no hace dos d\u00edgitos de rating desde hace a\u00f1os y se cae en picada. \u00bfPor qu\u00e9 no dejamos entrar gente (&#8230;)?\u201d, concluy\u00f3 Grace.<br>Por otra parte, se\u00f1al\u00f3: &#8220;Una mina de 75 a\u00f1os como yo, que est\u00e1 vigente, tiene un trabajo, cre\u00f3 una imagen, marca y pensamiento. Si, Mat\u00edas Al\u00e9, pero \u00bfqu\u00e9 hay detr\u00e1s de la parejita de Mat\u00edas Al\u00e9? Que una mina de m\u00e1s de 40 a\u00f1os se meti\u00f3 con un pibe de 22&#8221;.<\/p>\n\n\n\n<p>Por \u00faltimo, revel\u00f3:&nbsp;<strong>&#8220;Estoy en tratativas con una plataforma para realizar una serie sobre mi vida y quiero ser interpretada por `La China` en mi versi\u00f3n joven&#8221;.<\/strong><\/p>\n","protected":false},"excerpt":{"rendered":"<p>La vedette fue tajante contra la medi\u00e1tica y revel\u00f3 que le gustar\u00eda que \u201cLa China\u201d Su\u00e1rez protagonice una serie sobre su vida. La ex vedette&nbsp;Graciela Alfano&nbsp;contin\u00faa en medio de la&hellip; <\/p>\n","protected":false},"author":4,"featured_media":209072,"comment_status":"closed","ping_status":"open","sticky":false,"template":"","format":"standard","meta":{"footnotes":""},"categories":[19],"tags":[],"class_list":["post-209071","post","type-post","status-publish","format-standard","has-post-thumbnail","hentry","category-espectaculos"],"_links":{"self":[{"href":"https:\/\/corrientesdetarde.com\/index.php\/wp-json\/wp\/v2\/posts\/209071","targetHints":{"allow":["GET"]}}],"collection":[{"href":"https:\/\/corrientesdetarde.com\/index.php\/wp-json\/wp\/v2\/posts"}],"about":[{"href":"https:\/\/corrientesdetarde.com\/index.php\/wp-json\/wp\/v2\/types\/post"}],"author":[{"embeddable":true,"href":"https:\/\/corrientesdetarde.com\/index.php\/wp-json\/wp\/v2\/users\/4"}],"replies":[{"embeddable":true,"href":"https:\/\/corrientesdetarde.com\/index.php\/wp-json\/wp\/v2\/comments?post=209071"}],"version-history":[{"count":1,"href":"https:\/\/corrientesdetarde.com\/index.php\/wp-json\/wp\/v2\/posts\/209071\/revisions"}],"predecessor-version":[{"id":209082,"href":"https:\/\/corrientesdetarde.com\/index.php\/wp-json\/wp\/v2\/posts\/209071\/revisions\/209082"}],"wp:featuredmedia":[{"embeddable":true,"href":"https:\/\/corrientesdetarde.com\/index.php\/wp-json\/wp\/v2\/media\/209072"}],"wp:attachment":[{"href":"https:\/\/corrientesdetarde.com\/index.php\/wp-json\/wp\/v2\/media?parent=209071"}],"wp:term":[{"taxonomy":"category","embeddable":true,"href":"https:\/\/corrientesdetarde.com\/index.php\/wp-json\/wp\/v2\/categories?post=209071"},{"taxonomy":"post_tag","embeddable":true,"href":"https:\/\/corrientesdetarde.com\/index.php\/wp-json\/wp\/v2\/tags?post=209071"}],"curies":[{"name":"wp","href":"https:\/\/api.w.org\/{rel}","templated":true}]}}