{"id":209079,"date":"2025-05-23T00:48:32","date_gmt":"2025-05-23T03:48:32","guid":{"rendered":"https:\/\/corrientesdetarde.com\/?p=209079"},"modified":"2025-05-23T00:48:44","modified_gmt":"2025-05-23T03:48:44","slug":"cuba-busca-mitigar-los-molestos-apagones","status":"publish","type":"post","link":"https:\/\/corrientesdetarde.com\/index.php\/internacionales\/cuba-busca-mitigar-los-molestos-apagones\/","title":{"rendered":"Cuba busca mitigar los molestos apagones"},"content":{"rendered":"\n<h2 class=\"wp-block-heading\">Cuba vive desde hace varios meses una dura situaci\u00f3n energ\u00e9tica.<\/h2>\n\n\n\n<p>El Gobierno de<strong>&nbsp;Cuba<\/strong>&nbsp;realiza ingentes esfuerzos para resolver los actuales problemas de generaci\u00f3n el\u00e9ctrica, que provocan largos y molestos apagones en todo el pa\u00eds caribe\u00f1o, informaron funcionarios del Ministerio de Energ\u00eda y Minas.&nbsp;<em><strong>&#8220;Estamos trabajando en seis unidades del sistema el\u00e9ctrico nacional, que implicar\u00edan (generar) m\u00e1s de 500 megavatios (MW)&#8221;,&nbsp;<\/strong><\/em>expres\u00f3 el director general de la Uni\u00f3n El\u00e9ctrica, Alfredo L\u00f3pez, al intervenir en un programa televisivo nocturno.<\/p>\n\n\n\n<p><strong>Cuba vive desde hace varios meses una dura situaci\u00f3n energ\u00e9tica<\/strong>&nbsp;con largos cortes del suministro de electricidad que afectan la vida cotidiana y la marcha de la econom\u00eda. Los apagones son el resultado de la antig\u00fcedad de las termoel\u00e9ctricas, que las hace vulnerables a las aver\u00edas, y de la falta de fuel-oil y di\u00e9sel, por la poca disponibilidad de divisas que tiene el pa\u00eds para adquirir combustible en el mercado internacional por el recrudecimiento del bloqueo que aplica Estados Unidos contra Cuba.<\/p>\n\n\n\n<p>Al valorar la situaci\u00f3n general del&nbsp;<strong>sistema electroenerg\u00e9tico&nbsp;<\/strong>nacional, L\u00f3pez admiti\u00f3:&nbsp;<em>\u201cLa situaci\u00f3n hoy es grave, es muy dif\u00edcil.<\/em>&nbsp;<em>Hay largas horas de&nbsp;<strong>apagones<\/strong>&nbsp;y dificultades para rotar los circuitos, lo que tiene consecuencias muy complicadas para la poblaci\u00f3n, ya que estar en apag\u00f3n le complica mucho la vida&#8221;.<\/em><\/p>\n\n\n\n<p>En&nbsp;<strong>Cuba&nbsp;<\/strong>hay ocho termoel\u00e9ctricas con 18 bloques de generaci\u00f3n, aunque solo 15 est\u00e1n disponibles, pero casi todos tienen m\u00e1s de tres d\u00e9cadas de explotaci\u00f3n sin recibir grandes inversiones para mantenimiento.<\/p>\n\n\n\n<p>&nbsp;Adem\u00e1s,<strong>&nbsp;trabajan cinco centrales flotantes rentadas a Turqu\u00eda<\/strong>, seg\u00fan un amplio informe de la agencia de noticias Xinhua. En los \u00faltimos meses, las autoridades cubanas trabajan a marcha forzada para aumentar la generaci\u00f3n el\u00e9ctrica a partir de parques fotovoltaicos de los que est\u00e1n previstos construir 92, que generar\u00e1n m\u00e1s de 2.000 MW, de los cuales se instalar\u00e1n este a\u00f1o unos 50, que entregar\u00e1n a la red nacional la mitad de la cifra prevista.<\/p>\n\n\n\n<p><strong>Tambi\u00e9n se construyen cuatro emplazamientos para la acumulaci\u00f3n, de 50 MW cada uno<\/strong>, lo que permitir\u00e1 compensar la variabilidad que provoca la generaci\u00f3n fotovoltaica a medida que se vaya integrando al sistema. El plan establece la ejecuci\u00f3n en cada una de las 15 provincias del pa\u00eds de tres o cuatro parques fotovoltaicos, que en la medida que se terminen se incorporar\u00e1n al sistema de generaci\u00f3n el\u00e9ctrica.<\/p>\n\n\n\n<p>L\u00f3pez inform\u00f3 que los parques solares fotovoltaicos est\u00e1n generando cada d\u00eda actualmente 2,5 gigavatios-hora (GWh), lo que permite reducir 2,5 horas de apagones en todo el pa\u00eds.&nbsp;<em><strong>&#8220;Cuba requiere cinco millones de toneladas anuales de combustible para la generaci\u00f3n el\u00e9ctrica. Cuando logremos que el 10 por ciento provenga de energ\u00eda solar, estaremos ahorrando 500.000 toneladas de combustible&#8221;,&nbsp;<\/strong><\/em>asever\u00f3 al referirse a la meta prevista para fines de este a\u00f1o.<\/p>\n\n\n\n<p>El funcionario calcul\u00f3 que<strong>&nbsp;ese porcentaje representa unos 300 millones de d\u00f3lares anuales en ahorro de importaciones, considerando los altos precios internacionales de los combustibles.&nbsp;<\/strong><em><strong>&#8220;Cada kilovatio que genera el sol es uno menos que debemos producir con combustibles f\u00f3siles&#8221;<\/strong><\/em>, afirm\u00f3 L\u00f3pez, quien agreg\u00f3 que esa transici\u00f3n hacia fuentes renovables no solo alivia la crisis actual, sino que sienta las bases para un sistema m\u00e1s estable y sostenible.<\/p>\n\n\n\n<p>Luego anticip\u00f3:<em><strong>&nbsp;&#8220;Los parques que estamos instalando este 2025 comenzar\u00e1n a mostrar su pleno impacto el pr\u00f3ximo a\u00f1o&#8221;.&nbsp;<\/strong><\/em>Y subray\u00f3 la importancia de continuar expandiendo la capacidad fotovoltaica como parte de la estrategia nacional para reducir la dependencia de combustibles importados y minimizar las afectaciones a la poblaci\u00f3n.<\/p>\n\n\n\n<p>Seg\u00fan datos oficiales,&nbsp;<strong>Cuba<\/strong>&nbsp;consume unos ocho millones de toneladas de combustibles al a\u00f1o, de las que solo produce tres millones, por lo cual tiene que importar m\u00e1s del 40 % del hidrocarburo utilizado en la generaci\u00f3n el\u00e9ctrica.&nbsp;<\/p>\n","protected":false},"excerpt":{"rendered":"<p>Cuba vive desde hace varios meses una dura situaci\u00f3n energ\u00e9tica. El Gobierno de&nbsp;Cuba&nbsp;realiza ingentes esfuerzos para resolver los actuales problemas de generaci\u00f3n el\u00e9ctrica, que provocan largos y molestos apagones en&hellip; <\/p>\n","protected":false},"author":4,"featured_media":209080,"comment_status":"closed","ping_status":"open","sticky":false,"template":"","format":"standard","meta":{"footnotes":""},"categories":[11],"tags":[],"class_list":["post-209079","post","type-post","status-publish","format-standard","has-post-thumbnail","hentry","category-internacionales"],"_links":{"self":[{"href":"https:\/\/corrientesdetarde.com\/index.php\/wp-json\/wp\/v2\/posts\/209079","targetHints":{"allow":["GET"]}}],"collection":[{"href":"https:\/\/corrientesdetarde.com\/index.php\/wp-json\/wp\/v2\/posts"}],"about":[{"href":"https:\/\/corrientesdetarde.com\/index.php\/wp-json\/wp\/v2\/types\/post"}],"author":[{"embeddable":true,"href":"https:\/\/corrientesdetarde.com\/index.php\/wp-json\/wp\/v2\/users\/4"}],"replies":[{"embeddable":true,"href":"https:\/\/corrientesdetarde.com\/index.php\/wp-json\/wp\/v2\/comments?post=209079"}],"version-history":[{"count":1,"href":"https:\/\/corrientesdetarde.com\/index.php\/wp-json\/wp\/v2\/posts\/209079\/revisions"}],"predecessor-version":[{"id":209081,"href":"https:\/\/corrientesdetarde.com\/index.php\/wp-json\/wp\/v2\/posts\/209079\/revisions\/209081"}],"wp:featuredmedia":[{"embeddable":true,"href":"https:\/\/corrientesdetarde.com\/index.php\/wp-json\/wp\/v2\/media\/209080"}],"wp:attachment":[{"href":"https:\/\/corrientesdetarde.com\/index.php\/wp-json\/wp\/v2\/media?parent=209079"}],"wp:term":[{"taxonomy":"category","embeddable":true,"href":"https:\/\/corrientesdetarde.com\/index.php\/wp-json\/wp\/v2\/categories?post=209079"},{"taxonomy":"post_tag","embeddable":true,"href":"https:\/\/corrientesdetarde.com\/index.php\/wp-json\/wp\/v2\/tags?post=209079"}],"curies":[{"name":"wp","href":"https:\/\/api.w.org\/{rel}","templated":true}]}}