{"id":20908,"date":"2022-11-18T12:42:48","date_gmt":"2022-11-18T15:42:48","guid":{"rendered":"https:\/\/corrientesdetarde.com\/?p=20908"},"modified":"2022-11-18T12:42:51","modified_gmt":"2022-11-18T15:42:51","slug":"un-muerto-y-un-herido-tras-un-tremendo-choque-en-corrientes-el-auto-termino-incendiado","status":"publish","type":"post","link":"https:\/\/corrientesdetarde.com\/index.php\/crimen-y-justicia\/un-muerto-y-un-herido-tras-un-tremendo-choque-en-corrientes-el-auto-termino-incendiado\/","title":{"rendered":"Un muerto y un herido tras un tremendo choque en Corrientes: el auto termin\u00f3 incendiadO"},"content":{"rendered":"\n<p>El hecho se registr\u00f3 en la ciudad de Saladas en la ma\u00f1ana de este domingo. El sobreviviente est\u00e1 internado en grave estado.<\/p>\n\n\n\n<p>Efectivos Policiales de la Comisaria de Distrito Primera de Saladas, en horas tempranas de la ma\u00f1ana de este viernes 18, tomaron conocimiento que, por Av. Juan Pujol y calle Vidal, en inmediaciones del cementerio, aparentemente se habr\u00eda producido un siniestro vial.<\/p>\n\n\n\n<p>Seg\u00fan las primeras averiguaciones efectuadas, el mismo habr\u00eda tenido como protagonista un autom\u00f3vil-VW Gol Trend-; conducido por una persona (hasta el momento NN), acompa\u00f1ado por un joven de 21 a\u00f1os de edad y quienes, por causas y circunstancias que se investigan y presumiblemente tras perder el control del rodado, habr\u00eda colisionado contra un \u00e1rbol existente en el lugar, despu\u00e9s de lo cual el rodado se habr\u00eda incendiado.<\/p>\n\n\n\n<p>A consecuencia de ello, en el lugar se produjo el fallecimiento del conductor; en tanto que su acompa\u00f1ante result\u00f3 con lesiones graves, por lo cual fue trasladado al Hospital local, donde permanece internado.<\/p>\n\n\n\n<p>Al respecto, se efectuaron las diligencias de rigor correspondientes; en tanto que-por razones de jurisdicci\u00f3n-; en la citada Comisaria, se realizaron los tr\u00e1mites y diligencias del caso.<\/p>\n","protected":false},"excerpt":{"rendered":"<p>El hecho se registr\u00f3 en la ciudad de Saladas en la ma\u00f1ana de este domingo. El sobreviviente est\u00e1 internado en grave estado. Efectivos Policiales de la Comisaria de Distrito Primera&hellip; <\/p>\n","protected":false},"author":4,"featured_media":20910,"comment_status":"closed","ping_status":"open","sticky":false,"template":"","format":"standard","meta":{"footnotes":""},"categories":[5],"tags":[],"class_list":["post-20908","post","type-post","status-publish","format-standard","has-post-thumbnail","hentry","category-crimen-y-justicia"],"_links":{"self":[{"href":"https:\/\/corrientesdetarde.com\/index.php\/wp-json\/wp\/v2\/posts\/20908","targetHints":{"allow":["GET"]}}],"collection":[{"href":"https:\/\/corrientesdetarde.com\/index.php\/wp-json\/wp\/v2\/posts"}],"about":[{"href":"https:\/\/corrientesdetarde.com\/index.php\/wp-json\/wp\/v2\/types\/post"}],"author":[{"embeddable":true,"href":"https:\/\/corrientesdetarde.com\/index.php\/wp-json\/wp\/v2\/users\/4"}],"replies":[{"embeddable":true,"href":"https:\/\/corrientesdetarde.com\/index.php\/wp-json\/wp\/v2\/comments?post=20908"}],"version-history":[{"count":1,"href":"https:\/\/corrientesdetarde.com\/index.php\/wp-json\/wp\/v2\/posts\/20908\/revisions"}],"predecessor-version":[{"id":20911,"href":"https:\/\/corrientesdetarde.com\/index.php\/wp-json\/wp\/v2\/posts\/20908\/revisions\/20911"}],"wp:featuredmedia":[{"embeddable":true,"href":"https:\/\/corrientesdetarde.com\/index.php\/wp-json\/wp\/v2\/media\/20910"}],"wp:attachment":[{"href":"https:\/\/corrientesdetarde.com\/index.php\/wp-json\/wp\/v2\/media?parent=20908"}],"wp:term":[{"taxonomy":"category","embeddable":true,"href":"https:\/\/corrientesdetarde.com\/index.php\/wp-json\/wp\/v2\/categories?post=20908"},{"taxonomy":"post_tag","embeddable":true,"href":"https:\/\/corrientesdetarde.com\/index.php\/wp-json\/wp\/v2\/tags?post=20908"}],"curies":[{"name":"wp","href":"https:\/\/api.w.org\/{rel}","templated":true}]}}