{"id":209090,"date":"2025-05-23T08:00:21","date_gmt":"2025-05-23T11:00:21","guid":{"rendered":"https:\/\/corrientesdetarde.com\/?p=209090"},"modified":"2025-05-23T08:00:22","modified_gmt":"2025-05-23T11:00:22","slug":"aldana-munoz-condenada-a-20-anos-de-prision-por-el-crimen-de-sus-hijos","status":"publish","type":"post","link":"https:\/\/corrientesdetarde.com\/index.php\/policiales\/aldana-munoz-condenada-a-20-anos-de-prision-por-el-crimen-de-sus-hijos\/","title":{"rendered":"Aldana Mu\u00f1oz, condenada a 20 a\u00f1os de prisi\u00f3n por el crimen de sus hijos"},"content":{"rendered":"\n<p>Los jueces tuvieron en cuenta el &#8220;trastorno mental transitorio incompleto, que no hab\u00eda ocultado ninguna evidencia en la casa y su actitud autodestructiva&#8221;. Volvieron las cr\u00edticas para la investigaci\u00f3n. Purgar\u00e1 la condena en el Hospital San Francisco de As\u00eds.<\/p>\n\n\n\n<p>Tras el juicio de cesura, el Tribunal Oral Penal de Mercedes conden\u00f3 ayer a 20 a\u00f1os de prisi\u00f3n efectiva a Aldana Bel\u00e9n Mu\u00f1oz, la mujer que asesin\u00f3 a cuchilladas a sus dos hijos menores, Sof\u00eda, de 5, y Dylan, de 8 a\u00f1os, respectivamente, en su casa de la ciudad de Curuz\u00fa Cuati\u00e1, el 15 de noviembre de 2023. La fiscal del caso hab\u00eda pedido una condena de 35 a\u00f1os, mientras que la defensa solicit\u00f3 8 debido a los atenuantes del veredicto inicial.<\/p>\n\n\n\n<p>En el inicio del juicio, el tribunal le dio la palabra a la fiscal Arr\u00faa, quien en duros t\u00e9rminos se refiri\u00f3 a los homicidios perpetrados por Mu\u00f1oz. La consecuencia de estos alegatos provoc\u00f3 que la condenada Mu\u00f1oz sufriera un repentino ataque de p\u00e1nico e hiperventilaci\u00f3n mientras lloraba desconsoladamente. Debi\u00f3 ser retirada de la sala. Luego de unos minutos, la parte acusadora solicit\u00f3 al tribunal la pena de 35 a\u00f1os de c\u00e1rcel. Cabe recordar que Mu\u00f1oz hab\u00eda sido hallada penalmente responsable por homicidio calificado mediando circunstancias de atenuaci\u00f3n.<\/p>\n\n\n\n<p>En tal sentido, el juez Troncoso, como presidente del tribunal, sostuvo: &#8220;Se ha tenido en cuenta la capacidad de comprensi\u00f3n de la criminalidad del acto, disminuida en raz\u00f3n del trastorno mental transitorio incompleto, descartando el accionar a sangre fr\u00eda expuesto por la acusaci\u00f3n. La ley nos obliga a tener en cuenta las condiciones personales de la acusada, su escasa instrucci\u00f3n y condiciones de vida, como la actitud posterior al hecho. No ocult\u00f3 nada, no tiene antecedentes&#8221;, dijo. El juez volvi\u00f3 a remarcar la deficiencia de la investigaci\u00f3n en torno a las pericias mentales de la acusada. &#8220;No hemos podido obviar, su idea suicida y autodestructiva&#8221;.<\/p>\n\n\n\n<p>Finalizado los argumentos, Troncoso cerr\u00f3 el juicio con el veredicto de 20 a\u00f1os de prisi\u00f3n a Mu\u00f1oz, debiendo continuar cumpliendo prisi\u00f3n en la Unidad Penal N\u00b010 del Servicio Penitenciario, \u00c1rea de Seguridad del Hospital de Salud Mental &#8220;San Francisco de As\u00eds&#8221;.<\/p>\n","protected":false},"excerpt":{"rendered":"<p>Los jueces tuvieron en cuenta el &#8220;trastorno mental transitorio incompleto, que no hab\u00eda ocultado ninguna evidencia en la casa y su actitud autodestructiva&#8221;. Volvieron las cr\u00edticas para la investigaci\u00f3n. Purgar\u00e1&hellip; <\/p>\n","protected":false},"author":3,"featured_media":209099,"comment_status":"closed","ping_status":"open","sticky":false,"template":"","format":"standard","meta":{"footnotes":""},"categories":[33],"tags":[],"class_list":["post-209090","post","type-post","status-publish","format-standard","has-post-thumbnail","hentry","category-policiales"],"_links":{"self":[{"href":"https:\/\/corrientesdetarde.com\/index.php\/wp-json\/wp\/v2\/posts\/209090","targetHints":{"allow":["GET"]}}],"collection":[{"href":"https:\/\/corrientesdetarde.com\/index.php\/wp-json\/wp\/v2\/posts"}],"about":[{"href":"https:\/\/corrientesdetarde.com\/index.php\/wp-json\/wp\/v2\/types\/post"}],"author":[{"embeddable":true,"href":"https:\/\/corrientesdetarde.com\/index.php\/wp-json\/wp\/v2\/users\/3"}],"replies":[{"embeddable":true,"href":"https:\/\/corrientesdetarde.com\/index.php\/wp-json\/wp\/v2\/comments?post=209090"}],"version-history":[{"count":1,"href":"https:\/\/corrientesdetarde.com\/index.php\/wp-json\/wp\/v2\/posts\/209090\/revisions"}],"predecessor-version":[{"id":209104,"href":"https:\/\/corrientesdetarde.com\/index.php\/wp-json\/wp\/v2\/posts\/209090\/revisions\/209104"}],"wp:featuredmedia":[{"embeddable":true,"href":"https:\/\/corrientesdetarde.com\/index.php\/wp-json\/wp\/v2\/media\/209099"}],"wp:attachment":[{"href":"https:\/\/corrientesdetarde.com\/index.php\/wp-json\/wp\/v2\/media?parent=209090"}],"wp:term":[{"taxonomy":"category","embeddable":true,"href":"https:\/\/corrientesdetarde.com\/index.php\/wp-json\/wp\/v2\/categories?post=209090"},{"taxonomy":"post_tag","embeddable":true,"href":"https:\/\/corrientesdetarde.com\/index.php\/wp-json\/wp\/v2\/tags?post=209090"}],"curies":[{"name":"wp","href":"https:\/\/api.w.org\/{rel}","templated":true}]}}