{"id":209093,"date":"2025-05-23T08:00:23","date_gmt":"2025-05-23T11:00:23","guid":{"rendered":"https:\/\/corrientesdetarde.com\/?p=209093"},"modified":"2025-05-23T08:00:24","modified_gmt":"2025-05-23T11:00:24","slug":"peregrinos-de-la-esperanza-se-encomendaron-a-santa-rita","status":"publish","type":"post","link":"https:\/\/corrientesdetarde.com\/index.php\/informacion-general\/peregrinos-de-la-esperanza-se-encomendaron-a-santa-rita\/","title":{"rendered":"Peregrinos de la esperanza se encomendaron a Santa Rita"},"content":{"rendered":"\n<p>Multitudes de fieles se dieron cita para escuchar la homil\u00edas del arzobispo Larregain en la ciudad de Corrientes y el obispo Canec\u00edn en Esquina, donde se valor\u00f3 el testimonio de fe la patrona y se ratific\u00f3 el compromiso con una vida cristiana.<\/p>\n\n\n\n<p>Corrientes vivi\u00f3 otra jornada de demostraci\u00f3n de fe. Multitudes se dieron cita ante los templos que se identifican con Santa Rita de Casia, tanto en capital como en Esquina, ciudad de la que es patrona. En la capilla ubicada en C\u00f3rdoba y Bol\u00edvar de la capital, el arzobispo Adolfo Larregain valor\u00f3 el compromiso con la vida cristiana y el poder de la oraci\u00f3n para encontrar la paz.<\/p>\n\n\n\n<p>En Esquina, el obispo de la Di\u00f3cesis de Goya, Adolfo Canec\u00edn, hizo lo propio y le sum\u00f3 unas palabras para hablar de los tiempos dif\u00edciles en los cuales destac\u00f3 los cambios que se producen en forma acelerada de la mano de tecnolog\u00edas como la Inteligencia Artificial sobre la que destac\u00f3 su utilidad, pero tambi\u00e9n alert\u00f3 sobre sus riesgos.<\/p>\n\n\n\n<p>&#8220;Ahora que est\u00e1 la IA debemos valorar las bondades, pero hay que tener mucho cuidado. Lo dijo el papa Francisco y en muchos documentos se mencionan las bondades primero, pero tambi\u00e9n se habla de los cuidados que tenemos que tener acerca de esto, que es obra de la inteligencia humana que nos facilita mucho las cosas, pero tiene mucho riesgos y si no se tiene un protocolo regulado de uso; puede ser un boomerang para la familia&#8221;, expres\u00f3 en medio de la misa.<\/p>\n\n\n\n<figure class=\"wp-block-image\"><img decoding=\"async\" src=\"https:\/\/www.diarioepoca.com\/content\/bucket\/3\/1430433w380h133c.jpg.webp\" alt=\"\"\/><\/figure>\n\n\n\n<p>Canec\u00edn tambi\u00e9n resalt\u00f3 que se debe buscar en el coraz\u00f3n humano. &#8220;Preguntarnos, ya que eso tiene que ver con lo que somos porque fuimos hechos a imagen y semejanza de aquel que es tres veces santo, Padre, Hijo y Esp\u00edritu Santo, que por ello en el fondo de todo nos llama la santidad. Esta es la vocaci\u00f3n para todos los bautizados, para todos los seres humanos&#8221;.<\/p>\n\n\n\n<p>En Esquina, la festividad comenz\u00f3 con la \u00faltima noche de la novena presidida por monse\u00f1or Adolfo Canec\u00edn y finaliz\u00f3 con un festival que reuni\u00f3 a toda la comunidad. A la medianoche del jueves 22 de mayo, el repique de campanas marc\u00f3 el inicio del d\u00eda central, seguido por la tradicional procesi\u00f3n y la primera misa en honor a la santa patrona.<\/p>\n\n\n\n<p>Las actividades continuaron durante toda la jornada con misas a las 6 y 8 de la ma\u00f1ana y a las 9 se realiz\u00f3 el emotivo saludo de las agrupaciones gauchas que cont\u00f3 con m\u00e1s de 250 caballos de toda la regi\u00f3n. A las 10 se celebr\u00f3 la misa central presidida por el obispo Adolfo Canec\u00edn, que reuni\u00f3 a una gran cantidad de fieles.<\/p>\n\n\n\n<figure class=\"wp-block-image\"><img decoding=\"async\" src=\"https:\/\/www.diarioepoca.com\/content\/bucket\/2\/1430432w380h217c.jpg.webp\" alt=\"\"\/><figcaption class=\"wp-element-caption\">UNA MUCHEDUMBRE ACOMPA\u00d1\u00d3 LA PROCESI\u00d3N EN LA CAPITAL.<\/figcaption><\/figure>\n\n\n\n<p>El almuerzo comunitario, con venta de asado y locro, ofreci\u00f3 un momento de encuentro entre vecinos y visitantes. Por la tarde, la banda militar precedi\u00f3 a la solemne procesi\u00f3n, la misa final y un homenaje musical que cerr\u00f3 la jornada festiva.<\/p>\n\n\n\n<p>La comunidad de Esquina volvi\u00f3 a mostrar su fervor y compromiso con sus tradiciones, consolidando una vez m\u00e1s a Santa Rita como s\u00edmbolo de unidad y fe para todos sus devotos.<\/p>\n","protected":false},"excerpt":{"rendered":"<p>Multitudes de fieles se dieron cita para escuchar la homil\u00edas del arzobispo Larregain en la ciudad de Corrientes y el obispo Canec\u00edn en Esquina, donde se valor\u00f3 el testimonio de&hellip; <\/p>\n","protected":false},"author":3,"featured_media":209100,"comment_status":"closed","ping_status":"open","sticky":false,"template":"","format":"standard","meta":{"footnotes":""},"categories":[1],"tags":[],"class_list":["post-209093","post","type-post","status-publish","format-standard","has-post-thumbnail","hentry","category-informacion-general"],"_links":{"self":[{"href":"https:\/\/corrientesdetarde.com\/index.php\/wp-json\/wp\/v2\/posts\/209093","targetHints":{"allow":["GET"]}}],"collection":[{"href":"https:\/\/corrientesdetarde.com\/index.php\/wp-json\/wp\/v2\/posts"}],"about":[{"href":"https:\/\/corrientesdetarde.com\/index.php\/wp-json\/wp\/v2\/types\/post"}],"author":[{"embeddable":true,"href":"https:\/\/corrientesdetarde.com\/index.php\/wp-json\/wp\/v2\/users\/3"}],"replies":[{"embeddable":true,"href":"https:\/\/corrientesdetarde.com\/index.php\/wp-json\/wp\/v2\/comments?post=209093"}],"version-history":[{"count":1,"href":"https:\/\/corrientesdetarde.com\/index.php\/wp-json\/wp\/v2\/posts\/209093\/revisions"}],"predecessor-version":[{"id":209105,"href":"https:\/\/corrientesdetarde.com\/index.php\/wp-json\/wp\/v2\/posts\/209093\/revisions\/209105"}],"wp:featuredmedia":[{"embeddable":true,"href":"https:\/\/corrientesdetarde.com\/index.php\/wp-json\/wp\/v2\/media\/209100"}],"wp:attachment":[{"href":"https:\/\/corrientesdetarde.com\/index.php\/wp-json\/wp\/v2\/media?parent=209093"}],"wp:term":[{"taxonomy":"category","embeddable":true,"href":"https:\/\/corrientesdetarde.com\/index.php\/wp-json\/wp\/v2\/categories?post=209093"},{"taxonomy":"post_tag","embeddable":true,"href":"https:\/\/corrientesdetarde.com\/index.php\/wp-json\/wp\/v2\/tags?post=209093"}],"curies":[{"name":"wp","href":"https:\/\/api.w.org\/{rel}","templated":true}]}}