{"id":209094,"date":"2025-05-23T08:00:25","date_gmt":"2025-05-23T11:00:25","guid":{"rendered":"https:\/\/corrientesdetarde.com\/?p=209094"},"modified":"2025-05-23T08:00:26","modified_gmt":"2025-05-23T11:00:26","slug":"con-agenda-vecinal-el-concejo-sesiono-en-el-sur-de-la-ciudad","status":"publish","type":"post","link":"https:\/\/corrientesdetarde.com\/index.php\/politica\/con-agenda-vecinal-el-concejo-sesiono-en-el-sur-de-la-ciudad\/","title":{"rendered":"Con agenda vecinal, el Concejo sesion\u00f3 en el sur de la ciudad"},"content":{"rendered":"\n<p>La primera sesi\u00f3n itinerante de 2025 estuvo marcada por las inquietudes, reclamos e ideas manifestadas por los habitantes de un total de once barrios que integran ese sector capitalino. Estudiantes de la escuela UOCRA tambi\u00e9n dieron el presente en el club Astros.<\/p>\n\n\n\n<p>El Concejo Deliberante capitalino realiz\u00f3 ayer su primera sesi\u00f3n itinerante del a\u00f1o y el escenario elegido para este plenario fue el Club Asociaci\u00f3n Astros (Chubut 1431) en la barriada sur de la ciudad.<\/p>\n\n\n\n<p>Las palabras de bienvenida estuvieron a cargo del presidente del legislativo comunal, Marcos Amarilla, quien record\u00f3 que este tipo de encuentros tienen por objetivo generar un v\u00ednculo entre los legisladores comunales y los ciudadanos que viven en los distintos sectores de la capital. Tambi\u00e9n destac\u00f3 el trabajo concretado por los ediles para materializar las demandas de los vecinos a trav\u00e9s de distintos proyectos.<\/p>\n\n\n\n<p>Entre otras cuestiones, los ediles aprobaron 159 comunicaciones tendientes a lograr mejoras en el barrio Santa Mar\u00eda, al igual que CODEPRO, Juan de Vera, Luz y Fuerza, Progreso, Patono, Ex Aeroclub, 168 Viviendas, 3 de Abril y P\u00edo X. Las iniciativas surgieron de la reuni\u00f3n preparatoria desarrollada d\u00edas atr\u00e1s.<\/p>\n\n\n\n<p>De esta manera, se plante\u00f3 la limpieza y mantenimiento de espacios p\u00fablicos, la erradicaci\u00f3n de basurales, la realizaci\u00f3n de obras de bacheo, enripiado y cord\u00f3n cuneta; instalaci\u00f3n y reposici\u00f3n de alumbrado p\u00fablico y la instalaci\u00f3n de c\u00e1maras de seguridad, entre otras cuestiones.<\/p>\n\n\n\n<figure class=\"wp-block-image\"><img decoding=\"async\" src=\"https:\/\/www.diarioepoca.com\/content\/bucket\/7\/1430427w380h319c.jpg.webp\" alt=\"\"\/><figcaption class=\"wp-element-caption\">CADA BLOQUE HIZO SU AN\u00c1LISIS.<\/figcaption><\/figure>\n\n\n\n<p>Asimismo, durante este encuentro, los concejales dieron el visto bueno a 20 resoluciones vinculadas a los mencionados barrios. As\u00ed se pidieron informes al Departamento Ejecutivo Municipal (DEM), sobre la disponibilidad de terrenos para la construcci\u00f3n de una plaza y un play\u00f3n, y acerca del hurto de luces.<\/p>\n\n\n\n<p>Hubo gran participaci\u00f3n vecinal y tambi\u00e9n dijeron presente alumnos de la Escuela UOCRA. En lo que respecta a las ordenanzas, en este plenario se dio ingreso al proyecto que instituye el diploma de Visitante Ilustre de la ciudad de Corrientes (girado a la Comisi\u00f3n de Legislaci\u00f3n) y a la colocaci\u00f3n de una placa conmemorativa de la visita del papa Francisco en el a\u00f1o 2004 a esta capital durante el Congreso Eucar\u00edstico Nacional (CEN), siendo entonces el cardenal Jorge Mario Bergoglio (ser\u00e1 analizado por la comisi\u00f3n de Cultura).<\/p>\n\n\n\n<figure class=\"wp-block-image\"><img decoding=\"async\" src=\"https:\/\/www.diarioepoca.com\/content\/bucket\/6\/1430426w380h281c.jpg.webp\" alt=\"\"\/><figcaption class=\"wp-element-caption\">CUATRO SESIONES AL A\u00d1O DEBEN REALIZARSE EN DIFERENTES BARRIOS CAPITALINOS.<\/figcaption><\/figure>\n\n\n\n<h2 class=\"wp-block-heading\">Observaciones de los ediles<\/h2>\n\n\n\n<p>Tras la finalizaci\u00f3n del plenario, varios ediles dialogaron con \u00e9poca y brindaron sus apreciaciones en torno a esta sesi\u00f3n extramuros. Desde el oficialismo, la concejal Gabriela Ga\u00fana (Coalici\u00f3n C\u00edvica) dijo: &#8220;Varios concejales somos de esta zona de la ciudad, as\u00ed que cuando los vecinos nos hablan realmente sabemos lo que nos est\u00e1n planteando. No obstante, tambi\u00e9n me da mucha satisfacci\u00f3n saber que podemos dialogar con mucha tranquilidad tambi\u00e9n de las obras que se han realizado&#8221;.<\/p>\n\n\n\n<p>&#8220;El tema de los minibasurales es una cuesti\u00f3n que atraviesa todos los barrios, es transversal a toda la ciudad y tambi\u00e9n entendemos que es una cuesti\u00f3n cultural&#8221;, resalt\u00f3 la mencionada y a\u00f1adi\u00f3: &#8220;Estamos en una zona donde nos consta que el cami\u00f3n recolector pasa entre tres y cuatro veces al d\u00eda e incluso as\u00ed el tema de los residuos tirados en la calle persiste, entonces obviamente nos desaf\u00eda a nosotros como concejales y tambi\u00e9n como gesti\u00f3n municipal, a pensar a ver qu\u00e9 alternativas tenemos&#8221;.<\/p>\n\n\n\n<p>A su turno, Lilian Cano (UCR) se refiri\u00f3 a uno de los temas m\u00e1s dif\u00edciles de los que hablaron los vecinos, el del avance del consumo de drogas y las problem\u00e1ticas que vienen de la mano ante la escalada de ese flagelo social.<\/p>\n\n\n\n<figure class=\"wp-block-image\"><img decoding=\"async\" src=\"https:\/\/www.diarioepoca.com\/content\/bucket\/8\/1430428w380h319c.jpg.webp\" alt=\"\"\/><figcaption class=\"wp-element-caption\">CONCEJALES EXPLICARON LA DIN\u00c1MICA PARLAMENTARIA.<\/figcaption><\/figure>\n\n\n\n<p>&#8220;Desde el Ejecutivo Municipal y el Concejo Deliberante lo que podemos apuntalar obviamente, desde nuestro rol, es a la prevenci\u00f3n ya que no tenemos poder de Polic\u00eda. En ese sentido, venimos trabajando con un programa denominado Barrio Sin Drogas, donde los vecinos pueden dar a conocer, desde el anonimato, puntos donde puede llegar a existir narcomenudeo en la ciudad, a sabiendas que este tipo de consumo afecta sobre todo a la poblaci\u00f3n m\u00e1s joven&#8221;, indic\u00f3.<\/p>\n\n\n\n<p>Con ese rigor, la concejal valor\u00f3: &#8220;Es muy importante que los vecinos nos vengan a plantear esto, ya que la droga muchas veces es uno de los principales motores que dinamizan la inseguridad, y eso no afecta solo a un barrio, sino a toda la zona. Por ello, desde el Concejo pedimos un informe al Ejecutivo sobre el citado programa y despu\u00e9s todo esto lo trabajaremos tambi\u00e9n con el Ministerio de Seguridad&#8221;.<\/p>\n\n\n\n<p>En tanto, desde el bloque opositor, el concejal justicialista Diego Fern\u00e1ndez resalt\u00f3: &#8220;Es muy positivo cuando se generan estas instancias de di\u00e1logo, de contacto directo con los vecinos, donde pueden plantear sus demandas, sus cuestiones y su realidad cotidiana&#8221;.<\/p>\n\n\n\n<p>En ese contexto, ampli\u00f3: &#8220;Tuvimos una reuni\u00f3n la semana pasada donde se dio un di\u00e1logo muy fluido y profundo. Personalmente, tengo gran expectativa que todo este informe que nosotros trabajamos junto con los vecinos y que lo vamos a trasladar al Ejecutivo Municipal para que pueda en el corto plazo ir concret\u00e1ndose y siendo una mejora real para los habitantes de esta zona&#8221;.<\/p>\n","protected":false},"excerpt":{"rendered":"<p>La primera sesi\u00f3n itinerante de 2025 estuvo marcada por las inquietudes, reclamos e ideas manifestadas por los habitantes de un total de once barrios que integran ese sector capitalino. Estudiantes&hellip; <\/p>\n","protected":false},"author":3,"featured_media":209101,"comment_status":"closed","ping_status":"open","sticky":false,"template":"","format":"standard","meta":{"footnotes":""},"categories":[3],"tags":[],"class_list":["post-209094","post","type-post","status-publish","format-standard","has-post-thumbnail","hentry","category-politica"],"_links":{"self":[{"href":"https:\/\/corrientesdetarde.com\/index.php\/wp-json\/wp\/v2\/posts\/209094","targetHints":{"allow":["GET"]}}],"collection":[{"href":"https:\/\/corrientesdetarde.com\/index.php\/wp-json\/wp\/v2\/posts"}],"about":[{"href":"https:\/\/corrientesdetarde.com\/index.php\/wp-json\/wp\/v2\/types\/post"}],"author":[{"embeddable":true,"href":"https:\/\/corrientesdetarde.com\/index.php\/wp-json\/wp\/v2\/users\/3"}],"replies":[{"embeddable":true,"href":"https:\/\/corrientesdetarde.com\/index.php\/wp-json\/wp\/v2\/comments?post=209094"}],"version-history":[{"count":1,"href":"https:\/\/corrientesdetarde.com\/index.php\/wp-json\/wp\/v2\/posts\/209094\/revisions"}],"predecessor-version":[{"id":209106,"href":"https:\/\/corrientesdetarde.com\/index.php\/wp-json\/wp\/v2\/posts\/209094\/revisions\/209106"}],"wp:featuredmedia":[{"embeddable":true,"href":"https:\/\/corrientesdetarde.com\/index.php\/wp-json\/wp\/v2\/media\/209101"}],"wp:attachment":[{"href":"https:\/\/corrientesdetarde.com\/index.php\/wp-json\/wp\/v2\/media?parent=209094"}],"wp:term":[{"taxonomy":"category","embeddable":true,"href":"https:\/\/corrientesdetarde.com\/index.php\/wp-json\/wp\/v2\/categories?post=209094"},{"taxonomy":"post_tag","embeddable":true,"href":"https:\/\/corrientesdetarde.com\/index.php\/wp-json\/wp\/v2\/tags?post=209094"}],"curies":[{"name":"wp","href":"https:\/\/api.w.org\/{rel}","templated":true}]}}