{"id":209109,"date":"2025-05-23T09:02:39","date_gmt":"2025-05-23T12:02:39","guid":{"rendered":"https:\/\/corrientesdetarde.com\/?p=209109"},"modified":"2025-05-23T09:03:19","modified_gmt":"2025-05-23T12:03:19","slug":"no-hay-dialogo-con-colombi-si-se-baja-podemos-hablar-si-no-no","status":"publish","type":"post","link":"https:\/\/corrientesdetarde.com\/index.php\/politica\/no-hay-dialogo-con-colombi-si-se-baja-podemos-hablar-si-no-no\/","title":{"rendered":"&#8220;No hay di\u00e1logo con Colombi; si se baja podemos hablar, si no, no&#8221;"},"content":{"rendered":"\n<p>El gobernador Vald\u00e9s dijo que su antecesor est\u00e1 en su proyecto pol\u00edtico personal y ellos en el armado de Vamos Corrientes. De todas maneras, se\u00f1al\u00f3: &#8220;Si se va a bajar de su candidatura, que me llame por tel\u00e9fono. Yo no quiero volver al pasado&#8221;, remarc\u00f3.<\/p>\n\n\n\n<p>Parece f\u00e1cil, pero a la vez es bastante complejo, por lo poco probable que suceda. Por una cuesti\u00f3n de egos.<\/p>\n\n\n\n<p>Entonces, un hipot\u00e9tico acuerdo a corto plazo entre Gustavo Vald\u00e9s y Ricardo Colombi parece depender mucho de actitudes propias que por el momento aparecen como distantes de poder materializarse. El propio Vald\u00e9s hablo del tema este jueves en Radio Dos.<\/p>\n\n\n\n<p>La consulta de la mesa period\u00edstica fue concreta: si tiene di\u00e1logo con Ricardo Colombi. La respuesta, tambi\u00e9n fue espec\u00edfica: &#8220;Siempre el di\u00e1logo existe, hay libertad. Ricardo Colombi fue electo por nuestro espacio pol\u00edtico como senador y (Pedro) Cassani como diputado. Nos conocemos&#8221;, comenz\u00f3 diciendo. Pero a continuaci\u00f3n fue m\u00e1s directo: &#8220;No hablo con Ricardo Colombi, \u00e9l est\u00e1 en su proyecto pol\u00edtico personal y nosotros estamos en el armado de Vamos Corrientes, no vamos a volver 25 a\u00f1os atr\u00e1s. Si Ricardo Colombi se baja (de su candidatura a gobernador) podemos hablar, si no, no&#8221;, dej\u00f3 en claro.<\/p>\n\n\n\n<p>Por si hab\u00eda alguna duda, Vald\u00e9s insisti\u00f3 a continuaci\u00f3n: &#8220;Si se va a bajar de su candidatura, que me llame por tel\u00e9fono. Yo no quiero volver al pasado&#8221;, remarc\u00f3.<\/p>\n\n\n\n<p>Vald\u00e9s habl\u00f3 de este tema y varios m\u00e1s en una extensa entrevista que concedi\u00f3 sobre el mediod\u00eda del jueves en los estudios de Radio Dos, adonde lleg\u00f3 para saludar por el aniversario de la emisora, el n\u00famero 25.<\/p>\n\n\n\n<figure class=\"wp-block-image\"><img decoding=\"async\" src=\"https:\/\/www.diarioepoca.com\/content\/bucket\/8\/1430418w380h178c.jpg.webp\" alt=\"\"\/><\/figure>\n\n\n\n<p>Pero el tema pol\u00edtico y electoral en particular ocup\u00f3 varios minutos de la charla. Y sobre la posibilidad de una alianza nacional, el Gobernador y presidente de la UCR Corrientes dijo: &#8220;Puede ser, puede pasar, hemos acompa\u00f1ado cosas razonables del Gobierno nacional, pero nosotros tenemos que defender Corrientes. Si hay algo que no nos conviene tenemos que decir que no&#8221;, acentu\u00f3 y agreg\u00f3: &#8220;Vamos a tener candidatos propios&#8221;.<\/p>\n\n\n\n<p>En cuanto a su relaci\u00f3n con el presidente de la C\u00e1mara de Diputados y exaliado, Pedro Cassani, l\u00edder de ELI y hoy enfrentado con el oficialismo, Vald\u00e9s se\u00f1al\u00f3: &#8220;Ya hizo todo lo que ten\u00eda que hacer, ya perdi\u00f3 confiabilidad dentro del espacio pol\u00edtico&#8221;.<\/p>\n\n\n\n<p>En cuanto al viceintendente de la capital, Emilio Lanari, tambi\u00e9n integrante de ELI, consider\u00f3 en tanto: &#8220;Lo aprecio personalmente, tengo una relaci\u00f3n con \u00e9l y su familia, m\u00e1s all\u00e1 de la decisi\u00f3n que tome, es una muy buena persona y excelente profesional&#8221;.<\/p>\n\n\n\n<p>En tanto, aclar\u00f3: &#8220;Si soy un piantavotos, no voy a estar en la boleta. Dijimos que en nuestro espacio pol\u00edtico era la continuidad con cambios&#8221;. Y en este sentido asegur\u00f3: &#8220;Cuando llegue mi tiempo, me tendr\u00e9 que ir. No voy a reformar la Constituci\u00f3n para quedarme&#8221;.<\/p>\n\n\n\n<p>Adem\u00e1s, sostuvo: &#8220;Prefiero acompa\u00f1ar desde un lugar m\u00e1s tranquilo con mi experiencia y deseando que al pr\u00f3ximo gobierno le vaya bien y mejor que a m\u00ed&#8221;.<\/p>\n\n\n\n<p>De esta manera, al hablar de posibles candidatos a Gobernador por Vamos Corrientes, Vald\u00e9s se\u00f1al\u00f3: &#8220;Tenemos muy buenos candidatos que miden bien, mi hermano (Juan Pablo Vald\u00e9s) es uno de ellos. Tambi\u00e9n medimos a (Eduardo) \u0091Peteco\u0092 Vischi (senador nacional), a (Jos\u00e9) Irigoyen (intendente de Curuz\u00fa Cuati\u00e1), a (Henry) Fick (senador provincial), a (Ad\u00e1n) Gaya (ministro de Desarrollo Social). As\u00ed que estamos permanentemente con mediciones. Y en Capital tenemos muy buenos candidatos tambi\u00e9n&#8221;, acentu\u00f3.<\/p>\n\n\n\n<figure class=\"wp-block-image\"><img decoding=\"async\" src=\"https:\/\/www.diarioepoca.com\/content\/bucket\/9\/1430419w380h178c.jpg.webp\" alt=\"\"\/><\/figure>\n\n\n\n<h2 class=\"wp-block-heading\">&#8220;Cargosterona&#8221;<\/h2>\n\n\n\n<p>En la entrevista, se insisti\u00f3 en la relaci\u00f3n con ELI, a lo que Vald\u00e9s afirm\u00f3: &#8220;Nadie puede creer que despu\u00e9s de ocho a\u00f1os te des cuenta de que est\u00e1 todo mal. Es la cargosterona&#8221;, grafic\u00f3 Vald\u00e9s.<\/p>\n\n\n\n<p>A la vez, plante\u00f3: &#8220;O son muy mentirosos o son muy torpes&#8221;.<\/p>\n\n\n\n<p>Respecto de los funcionarios de ELI en el Gobierno, el Mandatario sostuvo: &#8220;Tienen que tomar una determinaci\u00f3n. Honestamente, tiene que ser as\u00ed. Yo no presiono a nadie, pero debe ser as\u00ed. Lo habl\u00e9 con el ministro que se fue y otros funcionarios&#8221;, aclar\u00f3.<\/p>\n\n\n\n<p>En este sentido, fue m\u00e1s gr\u00e1fico: &#8220;No se puede trabajar en Boca y querer que gane River. Eso es incompatible&#8221;.<\/p>\n\n\n\n<h2 class=\"wp-block-heading\">Final del Gobierno: &#8220;En diciembre voy a estar donde diga el equipo&#8221;<\/h2>\n\n\n\n<figure class=\"wp-block-image\"><img decoding=\"async\" src=\"https:\/\/www.diarioepoca.com\/content\/bucket\/8\/1430458w380h258c.jpg.webp\" alt=\"\"\/><\/figure>\n\n\n\n<p>Gustavo Vald\u00e9s tambi\u00e9n habl\u00f3 del d\u00eda despu\u00e9s de dejar el cargo de gobernador y asegur\u00f3: &#8220;En diciembre voy a estar adonde diga el equipo&#8221;.<\/p>\n\n\n\n<p>A la vez, ratific\u00f3 que para estas elecciones provinciales, a\u00fan sin fecha espec\u00edfica, su nombre estar\u00e1 en la boleta. De todas maneras, no dio pistas de sus aspiraciones en este sentido.<\/p>\n\n\n\n<p>&#8220;Voy a estar adonde diga el equipo&#8221;, insisti\u00f3. &#8220;Soy consciente de que termino mi mandato y quiero que se termine cualquier tipo de reelecci\u00f3n indefinida. Hay que tener ese tipo de decisi\u00f3n, hay que tener periodicidad en las funciones&#8221;, sostuvo.<\/p>\n\n\n\n<p>Por otra parte, indic\u00f3: &#8220;Todav\u00eda no tenemos fecha de elecci\u00f3n (pero), estamos dentro de los plazos constitucionales para convocar. No vamos a sorprender a nadie&#8221;.<\/p>\n\n\n\n<h2 class=\"wp-block-heading\">Nuevo aumento de salarios en la Provincia<\/h2>\n\n\n\n<p>Respecto de una nueva suba salarial para estatales provinciales, el gobernador Vald\u00e9s se\u00f1al\u00f3: &#8220;Hemos dado aumentos (y ahora), estamos mirando los n\u00fameros. L\u00f3gicamente que va a haber aumento, pero oportunamente vamos a darlo&#8221;, dijo sin entrar en detalles.<\/p>\n\n\n\n<p>Al respecto, asegur\u00f3: &#8220;Estamos viendo que hubo una ca\u00edda del mes pasado de 11 puntos. Este mes puede haber o no una ca\u00edda de 8 puntos; o se puede dar que, sobre fin de a\u00f1o, tengamos una muy buena recaudaci\u00f3n: vamos a ver eso&#8221;.<\/p>\n\n\n\n<p>Tambi\u00e9n afirm\u00f3: &#8220;Cuando hablamos de recursos tenemos que tener mucha precauci\u00f3n porque hablamos de un Gobierno que est\u00e1 peleando por recursos, somos la Provincia con menor recesi\u00f3n fiscal de Argentina&#8221;, marc\u00f3.<\/p>\n","protected":false},"excerpt":{"rendered":"<p>El gobernador Vald\u00e9s dijo que su antecesor est\u00e1 en su proyecto pol\u00edtico personal y ellos en el armado de Vamos Corrientes. De todas maneras, se\u00f1al\u00f3: &#8220;Si se va a bajar&hellip; <\/p>\n","protected":false},"author":3,"featured_media":209120,"comment_status":"closed","ping_status":"open","sticky":false,"template":"","format":"standard","meta":{"footnotes":""},"categories":[3],"tags":[],"class_list":["post-209109","post","type-post","status-publish","format-standard","has-post-thumbnail","hentry","category-politica"],"_links":{"self":[{"href":"https:\/\/corrientesdetarde.com\/index.php\/wp-json\/wp\/v2\/posts\/209109","targetHints":{"allow":["GET"]}}],"collection":[{"href":"https:\/\/corrientesdetarde.com\/index.php\/wp-json\/wp\/v2\/posts"}],"about":[{"href":"https:\/\/corrientesdetarde.com\/index.php\/wp-json\/wp\/v2\/types\/post"}],"author":[{"embeddable":true,"href":"https:\/\/corrientesdetarde.com\/index.php\/wp-json\/wp\/v2\/users\/3"}],"replies":[{"embeddable":true,"href":"https:\/\/corrientesdetarde.com\/index.php\/wp-json\/wp\/v2\/comments?post=209109"}],"version-history":[{"count":1,"href":"https:\/\/corrientesdetarde.com\/index.php\/wp-json\/wp\/v2\/posts\/209109\/revisions"}],"predecessor-version":[{"id":209146,"href":"https:\/\/corrientesdetarde.com\/index.php\/wp-json\/wp\/v2\/posts\/209109\/revisions\/209146"}],"wp:featuredmedia":[{"embeddable":true,"href":"https:\/\/corrientesdetarde.com\/index.php\/wp-json\/wp\/v2\/media\/209120"}],"wp:attachment":[{"href":"https:\/\/corrientesdetarde.com\/index.php\/wp-json\/wp\/v2\/media?parent=209109"}],"wp:term":[{"taxonomy":"category","embeddable":true,"href":"https:\/\/corrientesdetarde.com\/index.php\/wp-json\/wp\/v2\/categories?post=209109"},{"taxonomy":"post_tag","embeddable":true,"href":"https:\/\/corrientesdetarde.com\/index.php\/wp-json\/wp\/v2\/tags?post=209109"}],"curies":[{"name":"wp","href":"https:\/\/api.w.org\/{rel}","templated":true}]}}