{"id":209111,"date":"2025-05-23T09:02:42","date_gmt":"2025-05-23T12:02:42","guid":{"rendered":"https:\/\/corrientesdetarde.com\/?p=209111"},"modified":"2025-05-23T09:03:43","modified_gmt":"2025-05-23T12:03:43","slug":"polich-hablo-sobre-su-posible-candidatura-a-intendente","status":"publish","type":"post","link":"https:\/\/corrientesdetarde.com\/index.php\/politica\/polich-hablo-sobre-su-posible-candidatura-a-intendente\/","title":{"rendered":"Polich habl\u00f3 sobre su posible candidatura a Intendente"},"content":{"rendered":"\n<p>&#8220;Es una gran satisfacci\u00f3n ser tenido en cuenta&#8221;, dijo el actual ministro de Obras P\u00fablicas de la Provincia, Claudio Polich, al ser consultado sobre su posible candidatura a Intendente.&nbsp;<\/p>\n\n\n\n<p>En este sentido, insisti\u00f3 en que &#8220;siempre es una satisfacci\u00f3n estar en las consideraciones para cualquier militante pol\u00edtico.<\/p>\n\n\n\n<p>\u00a0El inter\u00e9s uno lo manifiesta con su acci\u00f3n, pero es una decisi\u00f3n que debe resolver el partido y la alianza. Lo fundamental es no interrumpir el proceso de transformaci\u00f3n que vive la ciudad&#8221;<\/p>\n\n\n\n<p>Asimismo, asegur\u00f3 que la Provincia mantiene un plan de obras sostenido y sin sobresaltos gracias a una &#8220;buena administraci\u00f3n y control permanente del gasto&#8221;. A la vez, asegur\u00f3: &#8220;Vamos a terminar las obras que empezamos&#8221;.<\/p>\n","protected":false},"excerpt":{"rendered":"<p>&#8220;Es una gran satisfacci\u00f3n ser tenido en cuenta&#8221;, dijo el actual ministro de Obras P\u00fablicas de la Provincia, Claudio Polich, al ser consultado sobre su posible candidatura a Intendente.&nbsp; En&hellip; <\/p>\n","protected":false},"author":3,"featured_media":209121,"comment_status":"closed","ping_status":"open","sticky":false,"template":"","format":"standard","meta":{"footnotes":""},"categories":[3],"tags":[],"class_list":["post-209111","post","type-post","status-publish","format-standard","has-post-thumbnail","hentry","category-politica"],"_links":{"self":[{"href":"https:\/\/corrientesdetarde.com\/index.php\/wp-json\/wp\/v2\/posts\/209111","targetHints":{"allow":["GET"]}}],"collection":[{"href":"https:\/\/corrientesdetarde.com\/index.php\/wp-json\/wp\/v2\/posts"}],"about":[{"href":"https:\/\/corrientesdetarde.com\/index.php\/wp-json\/wp\/v2\/types\/post"}],"author":[{"embeddable":true,"href":"https:\/\/corrientesdetarde.com\/index.php\/wp-json\/wp\/v2\/users\/3"}],"replies":[{"embeddable":true,"href":"https:\/\/corrientesdetarde.com\/index.php\/wp-json\/wp\/v2\/comments?post=209111"}],"version-history":[{"count":1,"href":"https:\/\/corrientesdetarde.com\/index.php\/wp-json\/wp\/v2\/posts\/209111\/revisions"}],"predecessor-version":[{"id":209144,"href":"https:\/\/corrientesdetarde.com\/index.php\/wp-json\/wp\/v2\/posts\/209111\/revisions\/209144"}],"wp:featuredmedia":[{"embeddable":true,"href":"https:\/\/corrientesdetarde.com\/index.php\/wp-json\/wp\/v2\/media\/209121"}],"wp:attachment":[{"href":"https:\/\/corrientesdetarde.com\/index.php\/wp-json\/wp\/v2\/media?parent=209111"}],"wp:term":[{"taxonomy":"category","embeddable":true,"href":"https:\/\/corrientesdetarde.com\/index.php\/wp-json\/wp\/v2\/categories?post=209111"},{"taxonomy":"post_tag","embeddable":true,"href":"https:\/\/corrientesdetarde.com\/index.php\/wp-json\/wp\/v2\/tags?post=209111"}],"curies":[{"name":"wp","href":"https:\/\/api.w.org\/{rel}","templated":true}]}}