{"id":209113,"date":"2025-05-23T09:02:45","date_gmt":"2025-05-23T12:02:45","guid":{"rendered":"https:\/\/corrientesdetarde.com\/?p=209113"},"modified":"2025-05-23T09:04:28","modified_gmt":"2025-05-23T12:04:28","slug":"convocando-a-los-jovenes-de-la-alianza-para-trabajar-en-conjunto","status":"publish","type":"post","link":"https:\/\/corrientesdetarde.com\/index.php\/politica\/convocando-a-los-jovenes-de-la-alianza-para-trabajar-en-conjunto\/","title":{"rendered":"&#8220;Convocando a los j\u00f3venes de la alianza para trabajar en conjunto&#8221;"},"content":{"rendered":"\n<p>La concejal y presidente de la Juventud Radical provincial, Lilian Cano, se\u00f1al\u00f3: &#8220;Convocamos a los j\u00f3venes del Partido Popular, de Ciudadanos a Gobernar, de la Coalici\u00f3n C\u00edvica y de todos los espacios que integran nuestra alianza para trabajar en conjunto&#8221;.<\/p>\n\n\n\n<p>Cano remarc\u00f3 que el inter\u00e9s de la juventud no est\u00e1 puesto en discutir candidaturas, sino en seguir apostando a un proyecto de gobierno a largo plazo.<\/p>\n","protected":false},"excerpt":{"rendered":"<p>La concejal y presidente de la Juventud Radical provincial, Lilian Cano, se\u00f1al\u00f3: &#8220;Convocamos a los j\u00f3venes del Partido Popular, de Ciudadanos a Gobernar, de la Coalici\u00f3n C\u00edvica y de todos&hellip; <\/p>\n","protected":false},"author":3,"featured_media":209122,"comment_status":"closed","ping_status":"open","sticky":false,"template":"","format":"standard","meta":{"footnotes":""},"categories":[3],"tags":[],"class_list":["post-209113","post","type-post","status-publish","format-standard","has-post-thumbnail","hentry","category-politica"],"_links":{"self":[{"href":"https:\/\/corrientesdetarde.com\/index.php\/wp-json\/wp\/v2\/posts\/209113","targetHints":{"allow":["GET"]}}],"collection":[{"href":"https:\/\/corrientesdetarde.com\/index.php\/wp-json\/wp\/v2\/posts"}],"about":[{"href":"https:\/\/corrientesdetarde.com\/index.php\/wp-json\/wp\/v2\/types\/post"}],"author":[{"embeddable":true,"href":"https:\/\/corrientesdetarde.com\/index.php\/wp-json\/wp\/v2\/users\/3"}],"replies":[{"embeddable":true,"href":"https:\/\/corrientesdetarde.com\/index.php\/wp-json\/wp\/v2\/comments?post=209113"}],"version-history":[{"count":1,"href":"https:\/\/corrientesdetarde.com\/index.php\/wp-json\/wp\/v2\/posts\/209113\/revisions"}],"predecessor-version":[{"id":209145,"href":"https:\/\/corrientesdetarde.com\/index.php\/wp-json\/wp\/v2\/posts\/209113\/revisions\/209145"}],"wp:featuredmedia":[{"embeddable":true,"href":"https:\/\/corrientesdetarde.com\/index.php\/wp-json\/wp\/v2\/media\/209122"}],"wp:attachment":[{"href":"https:\/\/corrientesdetarde.com\/index.php\/wp-json\/wp\/v2\/media?parent=209113"}],"wp:term":[{"taxonomy":"category","embeddable":true,"href":"https:\/\/corrientesdetarde.com\/index.php\/wp-json\/wp\/v2\/categories?post=209113"},{"taxonomy":"post_tag","embeddable":true,"href":"https:\/\/corrientesdetarde.com\/index.php\/wp-json\/wp\/v2\/tags?post=209113"}],"curies":[{"name":"wp","href":"https:\/\/api.w.org\/{rel}","templated":true}]}}