{"id":209115,"date":"2025-05-23T09:04:53","date_gmt":"2025-05-23T12:04:53","guid":{"rendered":"https:\/\/corrientesdetarde.com\/?p=209115"},"modified":"2025-05-23T09:04:56","modified_gmt":"2025-05-23T12:04:56","slug":"delincuente-resistio-su-detencion-a-golpes-contra-un-cabo-de-policia","status":"publish","type":"post","link":"https:\/\/corrientesdetarde.com\/index.php\/policiales\/delincuente-resistio-su-detencion-a-golpes-contra-un-cabo-de-policia\/","title":{"rendered":"Delincuente resisti\u00f3 su detenci\u00f3n a golpes contra un cabo de polic\u00eda"},"content":{"rendered":"\n<p>La Justicia dispuso la detenci\u00f3n de dos ladrones acusados de varios il\u00edcitos. Uno de ellos fue encontrado a media cuadra de la casa. Luego de una persecuci\u00f3n, inici\u00f3 una lucha cuerpo a cuerpo con un efectivo, a quien lastim\u00f3 con las esposas y sujet\u00f3 del cuello.<\/p>\n\n\n\n<p>Dos delincuentes de amplio prontuario y convertidos en el terror de los vecinos del capitalino barrio Doctor Monta\u00f1a fueron detenidos en dos procedimientos de la Polic\u00eda, luego de que la Justicia orden\u00f3 la b\u00fasqueda y captura de ambos.<\/p>\n\n\n\n<p>Uno de ellos resisti\u00f3 con vehemencia, al punto de lastimar en el rostro a un efectivo a golpes con las esposas y aprisionarle el cuello con un brazo.<\/p>\n\n\n\n<p>Ante el hecho intervinieron otros polic\u00edas para socorrer a su camarada y al final pudieron reducir al agresor, seg\u00fan informaron fuentes oficiales.<\/p>\n\n\n\n<figure class=\"wp-block-image\"><img decoding=\"async\" src=\"https:\/\/www.diarioepoca.com\/content\/bucket\/1\/1430441w380h279c.jpg.webp\" alt=\"\"\/><figcaption class=\"wp-element-caption\">CALLE 522, DONDE ANTEANOCHE SE PRODUJO LA DETENCI\u00d3N DE ALIAS &#8220;MARTINCITO&#8221;.<\/figcaption><\/figure>\n\n\n\n<p>Debido a los incidentes fue iniciado un proceso paralelo al que estaban investigando. En este sentido, la persona identificada como Mart\u00edn Ignacio C., alias &#8220;Martincito&#8221;, quedar\u00e1 vinculado a una causa de &#8220;atentado y resistencia contra la autoridad&#8221;.<\/p>\n\n\n\n<p>Una patrulla de la comisar\u00eda seccional Decimocuarta ten\u00eda la orden de allanamiento al domicilio de &#8220;Martincito&#8221; y su detenci\u00f3n a ra\u00edz de una pesquisa que llevan adelante en la mencionada dependencia de seguridad.<\/p>\n\n\n\n<p>El episodio de m\u00e1xima tensi\u00f3n se produjo el mi\u00e9rcoles a las 20:15 en Calle 522 entre Figueroa Alcorta y Fern\u00e1ndez de Morat\u00edn.<\/p>\n\n\n\n<p>A esa hora, los polic\u00edas notaron la presencia del delincuente e iniciaron la breve persecuci\u00f3n hasta cerca de su domicilio.<\/p>\n\n\n\n<p>En el momento de ser alcanzado comenz\u00f3 a insultar a los uniformados y cuando uno de ellos pretend\u00eda colocarle las esposas de seguridad comenz\u00f3 a lanzar manotazos, como tambi\u00e9n patadas.<\/p>\n\n\n\n<p>Durante esa acci\u00f3n lastim\u00f3 con el aparato met\u00e1lico en el rostro a un cabo de apellido Lencina y forceje\u00f3 con \u00e9l al punto de apretar el cuello con el antebrazo.<\/p>\n\n\n\n<p>Finalmente, con ayuda de otros dos efectivos redujeron e inmovilizaron a &#8220;Martincito&#8221;, hasta conducirlo en el m\u00f3vil hacia la comisar\u00eda en medio de la conmoci\u00f3n vecinal.<\/p>\n\n\n\n<p>Horas m\u00e1s tarde, a eso de la 0:15 de ayer, sobre Calle 19 localizaron y detuvieron a otro de los ladrones que tienen a maltraer a los vecinos de la barriada del sur capitalino.<\/p>\n\n\n\n<p>En este sentido, autoridades de igual comisar\u00eda informaron sobre la captura de Diego Armando G., alias &#8220;Dieguito&#8221;, quien quedar\u00e1 a disposici\u00f3n del Juzgado interviniente.<\/p>\n\n\n\n<p>A lo largo de los \u00faltimos a\u00f1os, ambos j\u00f3venes han sido protagonistas de robos, hurtos y da\u00f1os en perjuicio de varias familias del barrio en el que ellos tambi\u00e9n habitan.<\/p>\n","protected":false},"excerpt":{"rendered":"<p>La Justicia dispuso la detenci\u00f3n de dos ladrones acusados de varios il\u00edcitos. Uno de ellos fue encontrado a media cuadra de la casa. Luego de una persecuci\u00f3n, inici\u00f3 una lucha&hellip; <\/p>\n","protected":false},"author":3,"featured_media":209123,"comment_status":"closed","ping_status":"open","sticky":false,"template":"","format":"standard","meta":{"footnotes":""},"categories":[33],"tags":[],"class_list":["post-209115","post","type-post","status-publish","format-standard","has-post-thumbnail","hentry","category-policiales"],"_links":{"self":[{"href":"https:\/\/corrientesdetarde.com\/index.php\/wp-json\/wp\/v2\/posts\/209115","targetHints":{"allow":["GET"]}}],"collection":[{"href":"https:\/\/corrientesdetarde.com\/index.php\/wp-json\/wp\/v2\/posts"}],"about":[{"href":"https:\/\/corrientesdetarde.com\/index.php\/wp-json\/wp\/v2\/types\/post"}],"author":[{"embeddable":true,"href":"https:\/\/corrientesdetarde.com\/index.php\/wp-json\/wp\/v2\/users\/3"}],"replies":[{"embeddable":true,"href":"https:\/\/corrientesdetarde.com\/index.php\/wp-json\/wp\/v2\/comments?post=209115"}],"version-history":[{"count":1,"href":"https:\/\/corrientesdetarde.com\/index.php\/wp-json\/wp\/v2\/posts\/209115\/revisions"}],"predecessor-version":[{"id":209147,"href":"https:\/\/corrientesdetarde.com\/index.php\/wp-json\/wp\/v2\/posts\/209115\/revisions\/209147"}],"wp:featuredmedia":[{"embeddable":true,"href":"https:\/\/corrientesdetarde.com\/index.php\/wp-json\/wp\/v2\/media\/209123"}],"wp:attachment":[{"href":"https:\/\/corrientesdetarde.com\/index.php\/wp-json\/wp\/v2\/media?parent=209115"}],"wp:term":[{"taxonomy":"category","embeddable":true,"href":"https:\/\/corrientesdetarde.com\/index.php\/wp-json\/wp\/v2\/categories?post=209115"},{"taxonomy":"post_tag","embeddable":true,"href":"https:\/\/corrientesdetarde.com\/index.php\/wp-json\/wp\/v2\/tags?post=209115"}],"curies":[{"name":"wp","href":"https:\/\/api.w.org\/{rel}","templated":true}]}}