{"id":209127,"date":"2025-05-23T10:02:42","date_gmt":"2025-05-23T13:02:42","guid":{"rendered":"https:\/\/corrientesdetarde.com\/?p=209127"},"modified":"2025-05-23T10:02:43","modified_gmt":"2025-05-23T13:02:43","slug":"otro-argentino-fue-detenido-en-venezuela-lo-acusan-de-conspiracion","status":"publish","type":"post","link":"https:\/\/corrientesdetarde.com\/index.php\/internacionales\/otro-argentino-fue-detenido-en-venezuela-lo-acusan-de-conspiracion\/","title":{"rendered":"Otro argentino fue detenido en Venezuela: lo acusan de conspiraci\u00f3n"},"content":{"rendered":"\n<p>La noticia la confirm\u00f3 el ministro Diosdado Cabello y sostuvo: &#8220;Si vienen para ac\u00e1 a conspirar, los vamos a agarrar&#8221;. El ciudadano est\u00e1 detenido junto a un b\u00falgaro y espa\u00f1ol.&nbsp;<\/p>\n\n\n\n<p>El r\u00e9gimen de Nicol\u00e1s Maduro detuvo a otro argentino en Venezuela y lo acusa de conspiraci\u00f3n. La noticia fue confirmada por el ministro del Interior Diosdado Cabello y junto al ciudadano nacional, tambi\u00e9n detuvieron a un b\u00falgaro y un espa\u00f1ol.<\/p>\n\n\n\n<p><strong>Otro argentino detenido en Venezuela<\/strong><\/p>\n\n\n\n<p>La noticia fue confirmada por Cabello por televisi\u00f3n y estos tres nuevos detenidos se suman a otros 17 extranjeros encarcelados recientemente. Todos est\u00e1n acusados de tener un presunto v\u00ednculo con una operaci\u00f3n contra las elecciones del pr\u00f3ximo domingo. Hasta el momento, no se brindaron detalles sobre las identidades de los detenidos ni sobre el operativo en el que ocurrieron las detenciones.<\/p>\n\n\n\n<p>Durante la emisi\u00f3n, el funcionario de Maduro apunt\u00f3: &#8220;Si vienen para ac\u00e1 a conspirar, los vamos a agarrar, s\u00e9panlo&#8221;. Las detenciones se llevaron adelante mediante la llamada &#8220;Operaci\u00f3n Tun Tun&#8221; y Cabello enfatiz\u00f3 que la misma &#8220;est\u00e1 esplendorosa&#8221;y &#8220;floreciendo&#8221;.<\/p>\n\n\n\n<p>Cabello agreg\u00f3 que estas personas planeaban &#8220;sabotear, por la v\u00eda violenta, las elecciones&#8221; regionales y parlamentarias que se llevar\u00e1n adelante el 25 de mayo. Inclusive, sostuvo que iban a utilizar explosivos y acus\u00f3 a la l\u00edder opositora Mar\u00eda Corina Machado de estar detr\u00e1s del supuesto plan.<\/p>\n\n\n\n<p><strong>Qu\u00e9 es la Operaci\u00f3n &#8220;Tun Tun&#8221;<\/strong><\/p>\n\n\n\n<p>La primera vez que se us\u00f3 el t\u00e9rmino fue en julio de 2024, cuando al menos 2400 personas fueron detenidas en 48 horas en medio de protestas contra la proclamaci\u00f3n de Maduro como presidente reelecto. Una gran mayor\u00eda fue excarceladas meses despu\u00e9s.<\/p>\n\n\n\n<p>&#8220;Es una operaci\u00f3n no formal que supone una escalada represiva en Venezuela&#8221;, lo defini\u00f3 el representante de la ONG Foro penal Gonzalo Himiob, que defiende los derechos de personas detenidas arbitrariamente.<\/p>\n","protected":false},"excerpt":{"rendered":"<p>La noticia la confirm\u00f3 el ministro Diosdado Cabello y sostuvo: &#8220;Si vienen para ac\u00e1 a conspirar, los vamos a agarrar&#8221;. El ciudadano est\u00e1 detenido junto a un b\u00falgaro y espa\u00f1ol.&nbsp;&hellip; <\/p>\n","protected":false},"author":3,"featured_media":209143,"comment_status":"closed","ping_status":"open","sticky":false,"template":"","format":"standard","meta":{"footnotes":""},"categories":[11],"tags":[],"class_list":["post-209127","post","type-post","status-publish","format-standard","has-post-thumbnail","hentry","category-internacionales"],"_links":{"self":[{"href":"https:\/\/corrientesdetarde.com\/index.php\/wp-json\/wp\/v2\/posts\/209127","targetHints":{"allow":["GET"]}}],"collection":[{"href":"https:\/\/corrientesdetarde.com\/index.php\/wp-json\/wp\/v2\/posts"}],"about":[{"href":"https:\/\/corrientesdetarde.com\/index.php\/wp-json\/wp\/v2\/types\/post"}],"author":[{"embeddable":true,"href":"https:\/\/corrientesdetarde.com\/index.php\/wp-json\/wp\/v2\/users\/3"}],"replies":[{"embeddable":true,"href":"https:\/\/corrientesdetarde.com\/index.php\/wp-json\/wp\/v2\/comments?post=209127"}],"version-history":[{"count":1,"href":"https:\/\/corrientesdetarde.com\/index.php\/wp-json\/wp\/v2\/posts\/209127\/revisions"}],"predecessor-version":[{"id":209160,"href":"https:\/\/corrientesdetarde.com\/index.php\/wp-json\/wp\/v2\/posts\/209127\/revisions\/209160"}],"wp:featuredmedia":[{"embeddable":true,"href":"https:\/\/corrientesdetarde.com\/index.php\/wp-json\/wp\/v2\/media\/209143"}],"wp:attachment":[{"href":"https:\/\/corrientesdetarde.com\/index.php\/wp-json\/wp\/v2\/media?parent=209127"}],"wp:term":[{"taxonomy":"category","embeddable":true,"href":"https:\/\/corrientesdetarde.com\/index.php\/wp-json\/wp\/v2\/categories?post=209127"},{"taxonomy":"post_tag","embeddable":true,"href":"https:\/\/corrientesdetarde.com\/index.php\/wp-json\/wp\/v2\/tags?post=209127"}],"curies":[{"name":"wp","href":"https:\/\/api.w.org\/{rel}","templated":true}]}}