{"id":209129,"date":"2025-05-23T09:05:37","date_gmt":"2025-05-23T12:05:37","guid":{"rendered":"https:\/\/corrientesdetarde.com\/?p=209129"},"modified":"2025-05-23T09:05:41","modified_gmt":"2025-05-23T12:05:41","slug":"salud-hizo-recambio-de-autoridades-en-el-hospital-materno-neonatal","status":"publish","type":"post","link":"https:\/\/corrientesdetarde.com\/index.php\/informacion-general\/salud-hizo-recambio-de-autoridades-en-el-hospital-materno-neonatal\/","title":{"rendered":"Salud hizo recambio de autoridades en el Hospital Materno Neonatal"},"content":{"rendered":"\n<p>La cartera presidida por Ricardo Cardozo design\u00f3 de manera interina como directora ejecutiva a Victoria Elena S\u00e1ez Azar, quien reemplaz\u00f3 a Lilian M\u00e9ndez Gallino, y como asociada a Miriam Elizabeth R\u00edos Navarro. Ambos cargos est\u00e1n sujetos a concurso.<\/p>\n\n\n\n<p>El Ministerio de Salud de la Provincia inform\u00f3 ayer que a trav\u00e9s de la Resoluci\u00f3n N\u00ba 4267 fue nombrada de forma interina y sujeta a concurso Victoria Elena S\u00e1ez Azar en las funciones de directora ejecutiva del Hospital Materno Neonatal Elo\u00edsa Torrent de Vidal. De igual modo, fue asignada como directora asociada Miriam Elizabeth R\u00edos Navarro, ambas con todas las atribuciones y responsabilidades de esos cargos.<\/p>\n\n\n\n<p>El titular de la cartera sanitaria, Ricardo Cardozo, encabez\u00f3 el acto de asunci\u00f3n de las nuevas autoridades. En la ocasi\u00f3n, Cardozo agradeci\u00f3 a las directoras salientes por su compromiso en la instituci\u00f3n y destac\u00f3 la labor de todo el equipo. Asimismo, inst\u00f3 a las nuevas a seguir trabajando en pos de optimizar la atenci\u00f3n de este hospital.<\/p>\n\n\n\n<p>&#8220;Gracias a la doctora Lilian M\u00e9ndez Gallino por el aporte al servicio, la comunidad y al hospital. Tambi\u00e9n quiero hacer una menci\u00f3n especial, al coraz\u00f3n de esta instituci\u00f3n Mar\u00eda Teresa De Sagastiz\u00e1bal, quien es una trabajadora incansable. A todo el personal ya que esta es la maternidad m\u00e1s importante de la provincia. Con este cambio, buscamos darle impulso a todo lo que, desde el Ministerio de Salud P\u00fablica, necesitamos para la provincia&#8221;, dijo al hacer uso de la palabra la directora general de Salud Materno Infanto Juvenil, Adela Saade.<\/p>\n\n\n\n<p>La nueva directora ejecutiva, Victoria Elena S\u00e1enz Azar es pediatra neonat\u00f3loga y trabaja hace 25 a\u00f1os en la instituci\u00f3n. &#8220;Lo \u00fanico que pido es que trabajemos juntos, con responsabilidad y compromiso. Cuando hay equipo, se pueden lograr cosas maravillosas. Agradezco a cada uno de los funcionarios presentes por confiar y acompa\u00f1ar este momento tan importante&#8221;, sostuvo al dar sus primeras declaraciones desde la conducci\u00f3n del Materno Neonatal.<\/p>\n\n\n\n<p>A la vez, la directora asociada, Miriam Elizabeth R\u00edos Navarro, indic\u00f3: &#8220;Hace 35 a\u00f1os estoy ac\u00e1, agradezco a mis padres que sin ellos no podr\u00eda estar hoy en este lugar. S\u00e9 que cuento con el servicio de Obstetricia completo, Neonatolog\u00eda, el Banco de Leche Humana y las enfermeras. Agradezco a las autoridades por reconocer mi trabajo. Aprend\u00ed de mis superiores, los doctores Aguirre, Morales y De Sagastiz\u00e1bal&#8221;.<\/p>\n\n\n\n<p>Hay que recordar que el 30 de septiembre de 2016, el Gobierno provincial inaugur\u00f3 las obras del Hospital Materno Neonatal en el Vidal. A partir de esa fecha, funciona de manera independiente como Hospital &#8220;Elo\u00edsa Torrent de Vidal&#8221;. Es un centro de salud vital para la regi\u00f3n, brindando atenci\u00f3n especializada a mujeres embarazadas y beb\u00e9s.<\/p>\n\n\n\n<p>Es una maternidad de alta complejidad que recibe a neonatos y a sus madres, siendo esta la principal y m\u00e1s compleja maternidad de la provincia.<\/p>\n\n\n\n<h2 class=\"wp-block-heading\">Certificados de Discapacidad en el interior<\/h2>\n\n\n\n<figure class=\"wp-block-image\"><img decoding=\"async\" src=\"https:\/\/www.diarioepoca.com\/content\/bucket\/9\/1430459w380h200c.jpg.webp\" alt=\"\"\/><\/figure>\n\n\n\n<p>La Junta Evaluadora y Certificadora de Discapacidad del Ministerio de Salud de la Provincia dio a conocer que estuvo en el Centro Integral Comunitario (CIC) de Perugorr\u00eda para la evaluaci\u00f3n y posterior entrega de los Certificados \u00danicos de Discapacidad (CUD).<\/p>\n\n\n\n<p>Conforme a lo narrado oficialmente, la articulaci\u00f3n se realiz\u00f3 entre el intendente Ubaldo Leiva y la directora de Atenci\u00f3n a la Discapacidad de la cartera sanitaria Mirta Mendoza.<\/p>\n\n\n\n<p>El resultado fue altamente positivo. Un n\u00famero importante de personas iniciaron el tr\u00e1mite por primera vez como as\u00ed tambi\u00e9n para actualizaciones del CUD.<\/p>\n\n\n\n<p>Por otra parte, finalizada la atenci\u00f3n en el CIC, se recorri\u00f3 los domicilios de quienes por su condici\u00f3n de salud requer\u00edan la presencia de los profesionales integrantes de la Junta Evaluadora. Las actividades incluyeron, adem\u00e1s, la capacitaci\u00f3n de Eliana L\u00f3pez quien se sum\u00f3 a la Red de Referentes de las localidades del interior.<\/p>\n\n\n\n<p>El CUD es un documento p\u00fablico que certifica la discapacidad de la persona respecto a las \u00e1reas intelectual y mental, visual, motora, auditiva, respiratoria, cardiovascular, renal urol\u00f3gica y\/o digestivo\/hep\u00e1tica y le permite acceder a derechos y prestaciones que brinda el Estado. Tiene validez en todo el pa\u00eds y su tramitaci\u00f3n es voluntaria y gratuita.<\/p>\n\n\n\n<p>Actualmente, la Direcci\u00f3n de Atenci\u00f3n a la Discapacidad cuenta con nueve juntas que funcionan en los hospitales de Curuz\u00fa Cuati\u00e1, Goya, Ituzaing\u00f3, Mercedes, Monte Caseros, Bella Vista, Paso de los Libres y Santo Tom\u00e9. En la ciudad de Corrientes, en 9 de Julio 1041.<\/p>\n","protected":false},"excerpt":{"rendered":"<p>La cartera presidida por Ricardo Cardozo design\u00f3 de manera interina como directora ejecutiva a Victoria Elena S\u00e1ez Azar, quien reemplaz\u00f3 a Lilian M\u00e9ndez Gallino, y como asociada a Miriam Elizabeth&hellip; <\/p>\n","protected":false},"author":3,"featured_media":209138,"comment_status":"closed","ping_status":"open","sticky":false,"template":"","format":"standard","meta":{"footnotes":""},"categories":[1],"tags":[],"class_list":["post-209129","post","type-post","status-publish","format-standard","has-post-thumbnail","hentry","category-informacion-general"],"_links":{"self":[{"href":"https:\/\/corrientesdetarde.com\/index.php\/wp-json\/wp\/v2\/posts\/209129","targetHints":{"allow":["GET"]}}],"collection":[{"href":"https:\/\/corrientesdetarde.com\/index.php\/wp-json\/wp\/v2\/posts"}],"about":[{"href":"https:\/\/corrientesdetarde.com\/index.php\/wp-json\/wp\/v2\/types\/post"}],"author":[{"embeddable":true,"href":"https:\/\/corrientesdetarde.com\/index.php\/wp-json\/wp\/v2\/users\/3"}],"replies":[{"embeddable":true,"href":"https:\/\/corrientesdetarde.com\/index.php\/wp-json\/wp\/v2\/comments?post=209129"}],"version-history":[{"count":1,"href":"https:\/\/corrientesdetarde.com\/index.php\/wp-json\/wp\/v2\/posts\/209129\/revisions"}],"predecessor-version":[{"id":209149,"href":"https:\/\/corrientesdetarde.com\/index.php\/wp-json\/wp\/v2\/posts\/209129\/revisions\/209149"}],"wp:featuredmedia":[{"embeddable":true,"href":"https:\/\/corrientesdetarde.com\/index.php\/wp-json\/wp\/v2\/media\/209138"}],"wp:attachment":[{"href":"https:\/\/corrientesdetarde.com\/index.php\/wp-json\/wp\/v2\/media?parent=209129"}],"wp:term":[{"taxonomy":"category","embeddable":true,"href":"https:\/\/corrientesdetarde.com\/index.php\/wp-json\/wp\/v2\/categories?post=209129"},{"taxonomy":"post_tag","embeddable":true,"href":"https:\/\/corrientesdetarde.com\/index.php\/wp-json\/wp\/v2\/tags?post=209129"}],"curies":[{"name":"wp","href":"https:\/\/api.w.org\/{rel}","templated":true}]}}