{"id":209133,"date":"2025-05-23T10:02:35","date_gmt":"2025-05-23T13:02:35","guid":{"rendered":"https:\/\/corrientesdetarde.com\/?p=209133"},"modified":"2025-05-23T10:02:36","modified_gmt":"2025-05-23T13:02:36","slug":"expectativa-por-la-edicion-2025-de-la-expo-trabajo-unne","status":"publish","type":"post","link":"https:\/\/corrientesdetarde.com\/index.php\/actualidad\/expectativa-por-la-edicion-2025-de-la-expo-trabajo-unne\/","title":{"rendered":"Expectativa por la edici\u00f3n 2025 de la Expo Trabajo UNNE"},"content":{"rendered":"\n<p>La Universidad Nacional del Nordeste realizar\u00e1 este viernes 23 de mayo la segunda edici\u00f3n de su feria laboral. Con el doble de empresas participantes que en 2024 y la Municipalidad de Corrientes como socio estrat\u00e9gico, el evento conectar\u00e1 a estudiantes y graduados con potenciales empleadores a trav\u00e9s de stands empresariales, charlas, talleres y sesiones de networking.<\/p>\n\n\n\n<p>En el campus Sargento Cabral que la UNNE tiene en la ciudad de Corrientes se realizar\u00e1 este viernes 23 de mayo, la apertura de la Edici\u00f3n 2025 de la Expo Trabajo, un evento creado y organizado por la instituci\u00f3n para que los estudiantes pr\u00f3ximos a recibirse junto a los graduados se vinculen con empleadores destacados en sus respectivos campos profesionales.<\/p>\n\n\n\n<p>Esta feria de trabajo tuvo su primera edici\u00f3n en 2024 en el campus Resistencia de la UNNE, oportunidad en que los stands de 18 empresas de la regi\u00f3n recibieron la visita de aproximadamente 3000 j\u00f3venes profesionales y graduados.<\/p>\n\n\n\n<p>Hay expectativas -en esta edici\u00f3n- de superar estas cifras desde el momento en que se duplicar\u00e1n el n\u00famero de empresas participantes y teniendo adem\u00e1s como Socio Estrat\u00e9gico del evento a la Municipalidad de la ciudad de Corrientes.<\/p>\n\n\n\n<p>Las empresas privadas participan ofreciendo oportunidades de empleo, pr\u00e1cticas y estableciendo conexiones con futuros profesionales. Por su parte, los estudiantes disponen de una ventana directa hacia el mundo laboral, exponiendo sus aptitudes y talentos.<\/p>\n\n\n\n<p>La organizaci\u00f3n de la Expo Trabajo 2025 est\u00e1 a cargo del \u00c1rea de Graduados de la Secretar\u00eda Gral. de Extensi\u00f3n y la Secretar\u00eda General de Relaciones Interinstitucionales de la universidad, consolidando una iniciativa que busca crear un \u00abc\u00edrculo virtuoso\u00bb entre el \u00e1mbito acad\u00e9mico y el sector productivo regional.<\/p>\n\n\n\n<p>Entre las novedades de esta edici\u00f3n, se brindar\u00e1 capacitaci\u00f3n y actualizaci\u00f3n a trav\u00e9s de conversatorios destinados a fortalecer habilidades profesionales y personales. Asimismo, los organizadores anticipan que el evento ofrecer\u00e1 stands empresariales, charlas, talleres y sesiones de networking.<\/p>\n\n\n\n<p>El acto de apertura est\u00e1 previsto para las 9 hs en el Sal\u00f3n Anfiteatro de la Facultad de Veterinaria de la UNNE. La ceremonia estar\u00e1 presidida por el Rector de la UNNE, doctor Omar Larroza y el intendente de la ciudad de Corrientes, Eduardo Tassano.<\/p>\n\n\n\n<figure class=\"wp-block-image\"><img decoding=\"async\" src=\"https:\/\/www.diarioepoca.com\/content\/bucket\/9\/1430329w380h230c.jpg.webp\" alt=\"\"\/><\/figure>\n\n\n\n<p>Los organizadores planificaron una serie de actividades que se extender\u00e1n de manera ininterrumpida hasta las 18 hs de este viernes 23 de mayo, oportunidad en que la Expo Trabajo concluir\u00e1 con la sesi\u00f3n de un DJ que le dar\u00e1 un contexto musical a la finalizaci\u00f3n de la jornada.<\/p>\n\n\n\n<p>En el Sal\u00f3n Schiffo (Facultad de Veterinaria), de 10 a 11,30 hs, se realizar\u00e1 una Mesa de Di\u00e1logo &#8220;Construyendo el Futuro Profesional&#8221;, que estar\u00e1 a cargo de la profesora Alejandra Hernando. La idea de esta mesa es poder debatir junto a los empresarios presentes: \u00bfQu\u00e9 perfil profesional buscan hoy en d\u00eda en un joven que se incorpora a su empresa?; \u00bfQu\u00e9 creen que un egresado universitario pueda aportar desde el primer d\u00eda de trabajo?; \u00bfQu\u00e9 habilidades t\u00e9cnicas consideran imprescindibles en los nuevos talentos que incorporan?; \u00bfQu\u00e9 actitud o capacidad personal marca la diferencia entre un buen candidato y uno excelente?.<\/p>\n\n\n\n<p>El resto del Cronograma de Actividades es el siguiente:<\/p>\n\n\n\n<p>-De 10 a 11 hs en el Sal\u00f3n Anfiteatro de la Facultad de Veterinaria, &#8220;Casos de \u00e9xito: Graduados que inspiran&#8221;.<\/p>\n\n\n\n<p>-De 11 a 12 hs en el Sal\u00f3n Anfiteatro de la Facultad de Veterinaria, &#8220;Historias que impulsan: Emprender con prop\u00f3sito&#8221;.<\/p>\n\n\n\n<p>-De 12 a 13 hs en el Sal\u00f3n Anfiteatro de la Facultad de Veterinaria &#8220;V\u00ednculos Estrat\u00e9gicos: Universidad, Estado y Comunidad&#8221;.<\/p>\n\n\n\n<p>-De 13 a 14 hs Break con M\u00fasica en Vivo.<\/p>\n\n\n\n<p>\u2013 De 14,30 a 16 hs en el Sal\u00f3n Anfiteatro de la Facultad de Veterinaria: &#8220;Panel UNNE y el Mundo Laboral&#8221;.<\/p>\n\n\n\n<p>-De 15 a 16 hs en el Sal\u00f3n Schiffo: &#8220;C.V. de Alto Impacto&#8221;.<\/p>\n\n\n\n<p>-De 16 a 17 hs en el Sal\u00f3n Anfiteatro de la Facultad de Veterinaria, Charla &#8220;Hacia un Desarrollo econ\u00f3mico sostenible: Industria, Ambiente y Empleo verde en Corrientes&#8221;.<\/p>\n\n\n\n<p>-De 16 a 17 hs en el Sal\u00f3n Schiffo, &#8220;Demanda laboral en el sector Foresto-Industrial&#8221;.<\/p>\n\n\n\n<p>-De 17 a 18 hs en el Sal\u00f3n Anfiteatro, &#8220;Empresas en Red: Miradas del Sector Productivo&#8221;.<\/p>\n\n\n\n<p>-18 hs finalizaci\u00f3n de la Expo Trabajo, Sunset con DJ en vivo.<\/p>\n","protected":false},"excerpt":{"rendered":"<p>La Universidad Nacional del Nordeste realizar\u00e1 este viernes 23 de mayo la segunda edici\u00f3n de su feria laboral. Con el doble de empresas participantes que en 2024 y la Municipalidad&hellip; <\/p>\n","protected":false},"author":3,"featured_media":209140,"comment_status":"closed","ping_status":"open","sticky":false,"template":"","format":"standard","meta":{"footnotes":""},"categories":[23],"tags":[],"class_list":["post-209133","post","type-post","status-publish","format-standard","has-post-thumbnail","hentry","category-actualidad"],"_links":{"self":[{"href":"https:\/\/corrientesdetarde.com\/index.php\/wp-json\/wp\/v2\/posts\/209133","targetHints":{"allow":["GET"]}}],"collection":[{"href":"https:\/\/corrientesdetarde.com\/index.php\/wp-json\/wp\/v2\/posts"}],"about":[{"href":"https:\/\/corrientesdetarde.com\/index.php\/wp-json\/wp\/v2\/types\/post"}],"author":[{"embeddable":true,"href":"https:\/\/corrientesdetarde.com\/index.php\/wp-json\/wp\/v2\/users\/3"}],"replies":[{"embeddable":true,"href":"https:\/\/corrientesdetarde.com\/index.php\/wp-json\/wp\/v2\/comments?post=209133"}],"version-history":[{"count":1,"href":"https:\/\/corrientesdetarde.com\/index.php\/wp-json\/wp\/v2\/posts\/209133\/revisions"}],"predecessor-version":[{"id":209156,"href":"https:\/\/corrientesdetarde.com\/index.php\/wp-json\/wp\/v2\/posts\/209133\/revisions\/209156"}],"wp:featuredmedia":[{"embeddable":true,"href":"https:\/\/corrientesdetarde.com\/index.php\/wp-json\/wp\/v2\/media\/209140"}],"wp:attachment":[{"href":"https:\/\/corrientesdetarde.com\/index.php\/wp-json\/wp\/v2\/media?parent=209133"}],"wp:term":[{"taxonomy":"category","embeddable":true,"href":"https:\/\/corrientesdetarde.com\/index.php\/wp-json\/wp\/v2\/categories?post=209133"},{"taxonomy":"post_tag","embeddable":true,"href":"https:\/\/corrientesdetarde.com\/index.php\/wp-json\/wp\/v2\/tags?post=209133"}],"curies":[{"name":"wp","href":"https:\/\/api.w.org\/{rel}","templated":true}]}}