{"id":209137,"date":"2025-05-23T10:02:39","date_gmt":"2025-05-23T13:02:39","guid":{"rendered":"https:\/\/corrientesdetarde.com\/?p=209137"},"modified":"2025-05-23T10:02:40","modified_gmt":"2025-05-23T13:02:40","slug":"bajen-un-cambio-el-desesperado-pedido-de-franco-colapinto-a-sus-fanaticos","status":"publish","type":"post","link":"https:\/\/corrientesdetarde.com\/index.php\/deportes\/bajen-un-cambio-el-desesperado-pedido-de-franco-colapinto-a-sus-fanaticos\/","title":{"rendered":"&#8220;Bajen un cambio&#8221;: el desesperado pedido de Franco Colapinto a sus fan\u00e1ticos"},"content":{"rendered":"\n<p>El piloto argentino dialog\u00f3 desde M\u00f3naco y, con madurez y claridad, se refiri\u00f3 al acoso en l\u00ednea que sufri\u00f3 su excompa\u00f1ero en Alpine.<\/p>\n\n\n\n<p>En medio de su regreso a la F\u00f3rmula 1 y tras una semana marcada por la pol\u00e9mica en redes sociales, el piloto argentino Franco Colapinto dialog\u00f3 desde M\u00f3naco y, con madurez y claridad, se refiri\u00f3 al acoso en l\u00ednea que sufri\u00f3 su excompa\u00f1ero en Alpine, Jack Doohan, luego del Gran Premio de Emilia-Roma\u00f1a.<\/p>\n\n\n\n<p>&#8220;Tienen que tranquilizarse y bajar un cambio, unos cuantos capaz. Sigan apoyando como siempre lo hacen, pero sin esos mensajes de odio ni comentarios negativos que afectan a los dem\u00e1s&#8221;, expres\u00f3 con firmeza Colapinto.<\/p>\n\n\n\n<p>Sus palabras llegan luego de un revuelo que sacudi\u00f3 tanto a Alpine como al paddock entero. Doohan denunci\u00f3 p\u00fablicamente en Instagram que recibi\u00f3 ataques virtuales tras su salida del equipo y la llegada de Colapinto.<\/p>\n\n\n\n<p>En particular, apunt\u00f3 contra usuarios que difundieron contenido falso atribuido a su padre, Mick Doohan, sugiriendo burlas hacia Colapinto por su accidente en clasificaci\u00f3n. Aunque luego el australiano se retract\u00f3 y aclar\u00f3 que la fuente de la publicaci\u00f3n no era argentina, el da\u00f1o ya estaba hecho: la tensi\u00f3n creci\u00f3 y Alpine se vio obligado a emitir un comunicado oficial.<\/p>\n\n\n\n<p>En dicho mensaje, la escuder\u00eda remarc\u00f3 que &#8220;detr\u00e1s del visor de estos atletas sobrehumanos, hay una persona, un individuo con sentimientos, familia y seres queridos&#8221;, y conden\u00f3 cualquier tipo de abuso en redes.<\/p>\n\n\n\n<p>Colapinto no solo respald\u00f3 esa postura, sino que reposte\u00f3 el comunicado en sus redes personales, dejando en claro que la toxicidad no tiene lugar en el deporte. Su llamado al respeto fue claro: &#8220;Los fan\u00e1ticos argentinos son muy pasionales, muy euf\u00f3ricos. Me han apoyado siempre, pero hay que mantener el respeto por todos los pilotos. Eso es lo m\u00e1s importante y algo que debemos mejorar&#8221;.<\/p>\n\n\n\n<p>El caso recuerda inevitablemente a lo sucedido en 2024 con Agust\u00edn Canapino en la IndyCar, cuando su accidente con Th\u00e9o Pourchaire desat\u00f3 una ola de insultos hacia el franc\u00e9s.<\/p>\n\n\n\n<p>Aquella situaci\u00f3n termin\u00f3 cost\u00e1ndole al argentino el respaldo de McLaren y provoc\u00f3 consecuencias directas en su carrera. Es por eso que desde el entorno de Colapinto ya miran con atenci\u00f3n el impacto de estas actitudes, y el propio piloto decidi\u00f3 dar un paso adelante, dejando un mensaje que trasciende la pista: competir con pasi\u00f3n no puede nunca justificar el odio.<\/p>\n","protected":false},"excerpt":{"rendered":"<p>El piloto argentino dialog\u00f3 desde M\u00f3naco y, con madurez y claridad, se refiri\u00f3 al acoso en l\u00ednea que sufri\u00f3 su excompa\u00f1ero en Alpine. En medio de su regreso a la&hellip; <\/p>\n","protected":false},"author":3,"featured_media":209142,"comment_status":"closed","ping_status":"open","sticky":false,"template":"","format":"standard","meta":{"footnotes":""},"categories":[4],"tags":[],"class_list":["post-209137","post","type-post","status-publish","format-standard","has-post-thumbnail","hentry","category-deportes"],"_links":{"self":[{"href":"https:\/\/corrientesdetarde.com\/index.php\/wp-json\/wp\/v2\/posts\/209137","targetHints":{"allow":["GET"]}}],"collection":[{"href":"https:\/\/corrientesdetarde.com\/index.php\/wp-json\/wp\/v2\/posts"}],"about":[{"href":"https:\/\/corrientesdetarde.com\/index.php\/wp-json\/wp\/v2\/types\/post"}],"author":[{"embeddable":true,"href":"https:\/\/corrientesdetarde.com\/index.php\/wp-json\/wp\/v2\/users\/3"}],"replies":[{"embeddable":true,"href":"https:\/\/corrientesdetarde.com\/index.php\/wp-json\/wp\/v2\/comments?post=209137"}],"version-history":[{"count":1,"href":"https:\/\/corrientesdetarde.com\/index.php\/wp-json\/wp\/v2\/posts\/209137\/revisions"}],"predecessor-version":[{"id":209158,"href":"https:\/\/corrientesdetarde.com\/index.php\/wp-json\/wp\/v2\/posts\/209137\/revisions\/209158"}],"wp:featuredmedia":[{"embeddable":true,"href":"https:\/\/corrientesdetarde.com\/index.php\/wp-json\/wp\/v2\/media\/209142"}],"wp:attachment":[{"href":"https:\/\/corrientesdetarde.com\/index.php\/wp-json\/wp\/v2\/media?parent=209137"}],"wp:term":[{"taxonomy":"category","embeddable":true,"href":"https:\/\/corrientesdetarde.com\/index.php\/wp-json\/wp\/v2\/categories?post=209137"},{"taxonomy":"post_tag","embeddable":true,"href":"https:\/\/corrientesdetarde.com\/index.php\/wp-json\/wp\/v2\/tags?post=209137"}],"curies":[{"name":"wp","href":"https:\/\/api.w.org\/{rel}","templated":true}]}}