{"id":209151,"date":"2025-05-23T11:00:20","date_gmt":"2025-05-23T14:00:20","guid":{"rendered":"https:\/\/corrientesdetarde.com\/?p=209151"},"modified":"2025-05-23T11:00:21","modified_gmt":"2025-05-23T14:00:21","slug":"los-horarios-de-franco-colapinto-para-correr-en-el-gran-premio-de-monaco","status":"publish","type":"post","link":"https:\/\/corrientesdetarde.com\/index.php\/deportes\/los-horarios-de-franco-colapinto-para-correr-en-el-gran-premio-de-monaco\/","title":{"rendered":"Los horarios de Franco Colapinto para correr en el Gran Premio de M\u00f3naco"},"content":{"rendered":"\n<p>El piloto argentino corre este fin de semana el Gran Premio de M\u00f3naco. Colapinto busca sumar puntos en su segunda carrera con Alpine.<\/p>\n\n\n\n<p>Franco Colapinto ser\u00e1 protagonista este fin de semana en el Gran Premio de M\u00f3naco, una de las fechas m\u00e1s esperadas del calendario de la F\u00f3rmula 1. El joven piloto argentino, quien afronta su segunda participaci\u00f3n en la temporada con el equipo Alpine, se prepara para enfrentar el desafiante circuito urbano de Montecarlo, conocido por su complejidad y exigencia t\u00e9cnica.<\/p>\n\n\n\n<p>Las actividades comenzar\u00e1n el viernes con dos sesiones de entrenamientos libres. Estas pr\u00e1cticas ser\u00e1n clave para que los equipos puedan ajustar los monoplazas a las caracter\u00edsticas del trazado, que combina curvas cerradas con escasos espacios para maniobras. El circuito de M\u00f3naco, por sus particulares condiciones, requiere una puesta a punto precisa, por lo que cada vuelta en los entrenamientos resulta vital para el rendimiento en carrera.<\/p>\n\n\n\n<p>El s\u00e1bado se desarrollar\u00e1 la \u00faltima pr\u00e1ctica libre , seguida por la crucial sesi\u00f3n de clasificaci\u00f3n. En M\u00f3naco, la posici\u00f3n de largada cobra una importancia especial, ya que adelantar es extremadamente dif\u00edcil debido a lo angosto del circuito.<\/p>\n\n\n\n<p>La clasificaci\u00f3n se convierte en una instancia decisiva, muchas veces determinando el resultado final de la carrera. Colapinto y su equipo buscar\u00e1n sacar el m\u00e1ximo provecho de esta instancia para ubicarse en una posici\u00f3n competitiva de cara al domingo.<br>Horarios del Gran Premio de M\u00f3naco<br>Viernes 23 de mayo:<br>Pr\u00e1ctica 1: 8:30 hs<br>Pr\u00e1ctica 2: 12:30 hs<br>S\u00e1bado 24 de mayo:<br>Pr\u00e1ctica 3: 7:30 hs<br>Clasificaci\u00f3n: 11:00 hs<br>Domingo 25 de mayo:<br>Carrera: 10:00 hs<\/p>\n\n\n\n<p><strong>C\u00f3mo fueron las carreras de Colapinto en M\u00f3naco<\/strong><\/p>\n\n\n\n<p>La primera experiencia de Franco Colapinto en las calles del Principado fue en 2019, en la F\u00f3rmula Renault como integrante del equipo FA Racing by Drivex. En aquella oportunidad, dej\u00f3 una gran impresi\u00f3n al imponerse en la primera carrera y alcanzar el segundo lugar en la siguiente. Un estreno destacado para un piloto que apenas comenzaba su trayectoria en el automovilismo europeo.<\/p>\n\n\n\n<p>Con mayor experiencia, regres\u00f3 a M\u00f3naco en 2023 para correr en la F\u00f3rmula 3 con MP Motorsport. Durante la carrera sprint se mantuvo entre los protagonistas, terminando en el cuarto puesto y realizando el \u00fanico sobrepaso del fin de semana.<\/p>\n\n\n\n<p>En 2024, ya en la F\u00f3rmula 2 y con el mismo equipo, Colapinto volvi\u00f3 a mostrar su talento en un trazado donde los errores suelen pagarse caro. En la sprint logr\u00f3 un s\u00f3lido quinto lugar, mientras que en la final concluy\u00f3 en la 13\u00aa posici\u00f3n.<\/p>\n\n\n\n<p><strong>Los argentinos que ganaron el Gran Premio de M\u00f3naco<\/strong><\/p>\n\n\n\n<p>El primer piloto nacional en llevarse la victoria en el Gran Premio de M\u00f3naco fue el hist\u00f3rico qu\u00edntuple campe\u00f3n Juan Manuel Fangio, el 21 de mayo de 1950, a bordo de su Alfa Romeo.<\/p>\n\n\n\n<p>El segundo y \u00faltimo triunfo de Fangio en M\u00f3naco fue en 1957, representando en esta ocasi\u00f3n a Maserati. Fue en aquella temporada cuando el oriundo de Balcarce consigui\u00f3 su quinto t\u00edtulo en la F\u00f3rmula 1.<\/p>\n\n\n\n<p>El \u00faltimo argentino en ganar en el trazado urbano de Montecarlo fue Carlos Reutemann, que se llev\u00f3 la victoria en el principado en 1980 a bordo de su Williams.<\/p>\n","protected":false},"excerpt":{"rendered":"<p>El piloto argentino corre este fin de semana el Gran Premio de M\u00f3naco. Colapinto busca sumar puntos en su segunda carrera con Alpine. Franco Colapinto ser\u00e1 protagonista este fin de&hellip; <\/p>\n","protected":false},"author":3,"featured_media":209169,"comment_status":"closed","ping_status":"open","sticky":false,"template":"","format":"standard","meta":{"footnotes":""},"categories":[4],"tags":[],"class_list":["post-209151","post","type-post","status-publish","format-standard","has-post-thumbnail","hentry","category-deportes"],"_links":{"self":[{"href":"https:\/\/corrientesdetarde.com\/index.php\/wp-json\/wp\/v2\/posts\/209151","targetHints":{"allow":["GET"]}}],"collection":[{"href":"https:\/\/corrientesdetarde.com\/index.php\/wp-json\/wp\/v2\/posts"}],"about":[{"href":"https:\/\/corrientesdetarde.com\/index.php\/wp-json\/wp\/v2\/types\/post"}],"author":[{"embeddable":true,"href":"https:\/\/corrientesdetarde.com\/index.php\/wp-json\/wp\/v2\/users\/3"}],"replies":[{"embeddable":true,"href":"https:\/\/corrientesdetarde.com\/index.php\/wp-json\/wp\/v2\/comments?post=209151"}],"version-history":[{"count":1,"href":"https:\/\/corrientesdetarde.com\/index.php\/wp-json\/wp\/v2\/posts\/209151\/revisions"}],"predecessor-version":[{"id":209174,"href":"https:\/\/corrientesdetarde.com\/index.php\/wp-json\/wp\/v2\/posts\/209151\/revisions\/209174"}],"wp:featuredmedia":[{"embeddable":true,"href":"https:\/\/corrientesdetarde.com\/index.php\/wp-json\/wp\/v2\/media\/209169"}],"wp:attachment":[{"href":"https:\/\/corrientesdetarde.com\/index.php\/wp-json\/wp\/v2\/media?parent=209151"}],"wp:term":[{"taxonomy":"category","embeddable":true,"href":"https:\/\/corrientesdetarde.com\/index.php\/wp-json\/wp\/v2\/categories?post=209151"},{"taxonomy":"post_tag","embeddable":true,"href":"https:\/\/corrientesdetarde.com\/index.php\/wp-json\/wp\/v2\/tags?post=209151"}],"curies":[{"name":"wp","href":"https:\/\/api.w.org\/{rel}","templated":true}]}}