{"id":209164,"date":"2025-05-23T11:00:23","date_gmt":"2025-05-23T14:00:23","guid":{"rendered":"https:\/\/corrientesdetarde.com\/?p=209164"},"modified":"2025-05-23T11:00:24","modified_gmt":"2025-05-23T14:00:24","slug":"la-carta-de-la-masacre-sangre-frases-cripticas-y-la-pista-de-los-celulares","status":"publish","type":"post","link":"https:\/\/corrientesdetarde.com\/index.php\/policiales\/la-carta-de-la-masacre-sangre-frases-cripticas-y-la-pista-de-los-celulares\/","title":{"rendered":"La carta de la masacre: sangre, frases cr\u00edpticas y la pista de los celulares"},"content":{"rendered":"\n<p>&#8220;Fue mucho. Los amo, lo siento&#8221;, escribi\u00f3 Laura Leguizam\u00f3n en una hoja manchada de sangre. NA accedi\u00f3 a la imagen clave de la escena del crimen.<\/p>\n\n\n\n<p>La investigaci\u00f3n sobre la masacre de Villa Crespo sum\u00f3 un nuevo elemento clave: una carta hallada en la cocina del departamento, escrita por Laura Fernanda Leguizam\u00f3n (50), donde dej\u00f3 frases desconcertantes, escritas con trazo irregular, y una aparente contrase\u00f1a de su tel\u00e9fono celular.<\/p>\n\n\n\n<p>Seg\u00fan pudo saber Noticias Argentinas (NA), el papel \u2014una hoja A4 horizontal\u2014 estaba manchado de sangre y conten\u00eda frases sueltas como:<\/p>\n\n\n\n<p>&#8220;Fue mucho. Los amo. Lo siento.&#8221;<br>&#8220;\u00cdbamos a la calle&#8221;<br>&#8220;Con lo que \u00edbamos a pasar&#8221;<br>&#8220;Todo mal, muy perverso&#8221;<br>&#8220;Les arruinaba la vida&#8221;<br>El mensaje central est\u00e1 escrito en una mezcla de imprenta y cursiva, con tinta negra, y tiene una mancha de sangre sobre la palabra &#8220;calle&#8221;.<\/p>\n\n\n\n<figure class=\"wp-block-image\"><img decoding=\"async\" src=\"https:\/\/www.diarioepoca.com\/content\/bucket\/3\/1430463w790h594c.webp.webp\" alt=\"\"\/><\/figure>\n\n\n\n<p>La carta fue escrita de forma fragmentada, en diferentes estilos de letra, y con un trazo tembloroso, lo que seg\u00fan una fuente del caso, indicar\u00eda que Leguizam\u00f3n &#8220;no estaba en sus cabales&#8221; al momento de redactarla.<\/p>\n\n\n\n<p><strong>Pistas en el papel<\/strong><\/p>\n\n\n\n<p>En el extremo inferior de la hoja, Leguizam\u00f3n anot\u00f3:<\/p>\n\n\n\n<p>&#8220;Mi tel es \u2018L\u2019&#8221;, lo que los investigadores creen que se refiere al patr\u00f3n de desbloqueo de su celular. Tambi\u00e9n se presume que en el margen derecho estar\u00edan escritas las claves de acceso de los tel\u00e9fonos de su esposo e hijos.<\/p>\n\n\n\n<p><strong>El cuadro cl\u00ednico<\/strong><\/p>\n\n\n\n<p>La hermana de Leguizam\u00f3n ya hab\u00eda declarado que la mujer estaba bajo tratamiento psiqui\u00e1trico, algo que tambi\u00e9n fue ratificado por la empleada dom\u00e9stica que encontr\u00f3 los cuerpos el mi\u00e9rcoles por la tarde.<\/p>\n\n\n\n<p>En el departamento, la Polic\u00eda secuestr\u00f3 una caja vac\u00eda sin bl\u00edster de sertralina (un antidepresivo), otra de midax (antipsic\u00f3tico) y una de olanzapina, un medicamento usado en casos de esquizofrenia.<\/p>\n\n\n\n<p>La carta es ahora una prueba central para intentar entender el estado emocional y mental de la autora de la masacre, quien asesin\u00f3 a su esposo Adri\u00e1n Seltzer (53) y a sus hijos Ian (15) e Ivo (12) antes de suicidarse.<\/p>\n\n\n\n<p>La Justicia dispuso una pericia caligr\u00e1fica y se secuestraron carpetas escolares de los adolescentes y una lapicera, para extraer huellas digitales que corroboren la autor\u00eda del manuscrito.<\/p>\n","protected":false},"excerpt":{"rendered":"<p>&#8220;Fue mucho. Los amo, lo siento&#8221;, escribi\u00f3 Laura Leguizam\u00f3n en una hoja manchada de sangre. NA accedi\u00f3 a la imagen clave de la escena del crimen. La investigaci\u00f3n sobre la&hellip; <\/p>\n","protected":false},"author":3,"featured_media":209170,"comment_status":"closed","ping_status":"open","sticky":false,"template":"","format":"standard","meta":{"footnotes":""},"categories":[33],"tags":[],"class_list":["post-209164","post","type-post","status-publish","format-standard","has-post-thumbnail","hentry","category-policiales"],"_links":{"self":[{"href":"https:\/\/corrientesdetarde.com\/index.php\/wp-json\/wp\/v2\/posts\/209164","targetHints":{"allow":["GET"]}}],"collection":[{"href":"https:\/\/corrientesdetarde.com\/index.php\/wp-json\/wp\/v2\/posts"}],"about":[{"href":"https:\/\/corrientesdetarde.com\/index.php\/wp-json\/wp\/v2\/types\/post"}],"author":[{"embeddable":true,"href":"https:\/\/corrientesdetarde.com\/index.php\/wp-json\/wp\/v2\/users\/3"}],"replies":[{"embeddable":true,"href":"https:\/\/corrientesdetarde.com\/index.php\/wp-json\/wp\/v2\/comments?post=209164"}],"version-history":[{"count":1,"href":"https:\/\/corrientesdetarde.com\/index.php\/wp-json\/wp\/v2\/posts\/209164\/revisions"}],"predecessor-version":[{"id":209175,"href":"https:\/\/corrientesdetarde.com\/index.php\/wp-json\/wp\/v2\/posts\/209164\/revisions\/209175"}],"wp:featuredmedia":[{"embeddable":true,"href":"https:\/\/corrientesdetarde.com\/index.php\/wp-json\/wp\/v2\/media\/209170"}],"wp:attachment":[{"href":"https:\/\/corrientesdetarde.com\/index.php\/wp-json\/wp\/v2\/media?parent=209164"}],"wp:term":[{"taxonomy":"category","embeddable":true,"href":"https:\/\/corrientesdetarde.com\/index.php\/wp-json\/wp\/v2\/categories?post=209164"},{"taxonomy":"post_tag","embeddable":true,"href":"https:\/\/corrientesdetarde.com\/index.php\/wp-json\/wp\/v2\/tags?post=209164"}],"curies":[{"name":"wp","href":"https:\/\/api.w.org\/{rel}","templated":true}]}}