{"id":209168,"date":"2025-05-23T11:00:30","date_gmt":"2025-05-23T14:00:30","guid":{"rendered":"https:\/\/corrientesdetarde.com\/?p=209168"},"modified":"2025-05-23T11:00:31","modified_gmt":"2025-05-23T14:00:31","slug":"el-club-cordoba-reinaugura-su-cancha-principal","status":"publish","type":"post","link":"https:\/\/corrientesdetarde.com\/index.php\/informacion-general\/el-club-cordoba-reinaugura-su-cancha-principal\/","title":{"rendered":"El Club C\u00f3rdoba reinaugura su cancha principal"},"content":{"rendered":"\n<p>El Club C\u00f3rdoba finaliz\u00f3 las obras de renovaci\u00f3n de su cancha de parqu\u00e9 y hoy har\u00e1 la reinauguraci\u00f3n de su cancha principal. La hist\u00f3rica entidad del centro correntino (ubicado en calle Catamarca 1091) realizar\u00e1 su acto hoy desde las 18 y dejar\u00e1 habilitada la nueva cancha de parqu\u00e9 del club.<\/p>\n\n\n\n<p>En pocas semanas, el club hist\u00f3rico inaugurar\u00e1 su piso de parqu\u00e9 y apuesta a un calendario de 2025 con altos objetivos. &#8220;Esta obra es fundamental para el crecimiento deportivo&#8221;, dijo su presidente.<\/p>\n\n\n\n<p>Fueron varias las semanas de obras en el estadio central del Club B\u00e1squetbol C\u00f3rdoba, pero hoy se presentar\u00e1 la renovaci\u00f3n de una entidad que busca las mejoras edilicias y as\u00ed dar el salto deportivo que se viene impulsando hace varias temporadas.<\/p>\n\n\n\n<p>Con una inversi\u00f3n millonaria, el proveedor del piso deportivo es una empresa zonal y tras el inicio de las obras a fines de marzo, con un 70% del trabajo realizado, en dos semanas se estar\u00eda terminando y dejar\u00eda al club cordob\u00e9s con uno de los mejores rect\u00e1ngulos de juego; que adem\u00e1s del b\u00e1squet, albergar\u00eda competencias locales, regionales y nacionales de v\u00f3ley y cestoball.<\/p>\n\n\n\n<p>La renovaci\u00f3n de la cancha llev\u00f3 semanas de buen ritmo de obra. Despu\u00e9s de acabado de los fen\u00f3licos, comenz\u00f3 la puesta del piso deportivo y se esper\u00f3 por semanas por el lacado, proceso de recubrimiento en el que se aplica un l\u00edquido de acabado (esmalte-laca) sobre la superficie de madera.<\/p>\n\n\n\n<p>&#8220;El 2024 fue muy bueno en lo deportivo y en lo social, logrando podios en todos los torneos que jug\u00f3 el equipo de Primera. Estamos felices de poder contar con esta obra fundamental para el crecimiento deportivo y social de la instituci\u00f3n. Poder brindarles a nuestros jugadores las mejores condiciones de entrenamiento y competencia. Agradecemos enormemente al Gobierno provincial por concretar esta obra tan esperada y por entender nuestra necesidad de renovaci\u00f3n de nuestro piso de deportivo desde el minuto cero&#8221;, sostuvo Mart\u00edn Delgado, actual presidente de la entidad capitalina ubicada en calles San Mart\u00edn y Catamarca.<\/p>\n","protected":false},"excerpt":{"rendered":"<p>El Club C\u00f3rdoba finaliz\u00f3 las obras de renovaci\u00f3n de su cancha de parqu\u00e9 y hoy har\u00e1 la reinauguraci\u00f3n de su cancha principal. La hist\u00f3rica entidad del centro correntino (ubicado en&hellip; <\/p>\n","protected":false},"author":3,"featured_media":209172,"comment_status":"closed","ping_status":"open","sticky":false,"template":"","format":"standard","meta":{"footnotes":""},"categories":[1],"tags":[],"class_list":["post-209168","post","type-post","status-publish","format-standard","has-post-thumbnail","hentry","category-informacion-general"],"_links":{"self":[{"href":"https:\/\/corrientesdetarde.com\/index.php\/wp-json\/wp\/v2\/posts\/209168","targetHints":{"allow":["GET"]}}],"collection":[{"href":"https:\/\/corrientesdetarde.com\/index.php\/wp-json\/wp\/v2\/posts"}],"about":[{"href":"https:\/\/corrientesdetarde.com\/index.php\/wp-json\/wp\/v2\/types\/post"}],"author":[{"embeddable":true,"href":"https:\/\/corrientesdetarde.com\/index.php\/wp-json\/wp\/v2\/users\/3"}],"replies":[{"embeddable":true,"href":"https:\/\/corrientesdetarde.com\/index.php\/wp-json\/wp\/v2\/comments?post=209168"}],"version-history":[{"count":1,"href":"https:\/\/corrientesdetarde.com\/index.php\/wp-json\/wp\/v2\/posts\/209168\/revisions"}],"predecessor-version":[{"id":209178,"href":"https:\/\/corrientesdetarde.com\/index.php\/wp-json\/wp\/v2\/posts\/209168\/revisions\/209178"}],"wp:featuredmedia":[{"embeddable":true,"href":"https:\/\/corrientesdetarde.com\/index.php\/wp-json\/wp\/v2\/media\/209172"}],"wp:attachment":[{"href":"https:\/\/corrientesdetarde.com\/index.php\/wp-json\/wp\/v2\/media?parent=209168"}],"wp:term":[{"taxonomy":"category","embeddable":true,"href":"https:\/\/corrientesdetarde.com\/index.php\/wp-json\/wp\/v2\/categories?post=209168"},{"taxonomy":"post_tag","embeddable":true,"href":"https:\/\/corrientesdetarde.com\/index.php\/wp-json\/wp\/v2\/tags?post=209168"}],"curies":[{"name":"wp","href":"https:\/\/api.w.org\/{rel}","templated":true}]}}