{"id":209180,"date":"2025-05-23T13:23:04","date_gmt":"2025-05-23T16:23:04","guid":{"rendered":"https:\/\/corrientesdetarde.com\/?p=209180"},"modified":"2025-05-23T13:23:08","modified_gmt":"2025-05-23T16:23:08","slug":"valdes-encabezara-los-actos-programados-por-un-nuevo-aniversario-de-la-revolucion-de-mayo","status":"publish","type":"post","link":"https:\/\/corrientesdetarde.com\/index.php\/eventossociedad\/valdes-encabezara-los-actos-programados-por-un-nuevo-aniversario-de-la-revolucion-de-mayo\/","title":{"rendered":"Vald\u00e9s encabezar\u00e1 los actos programados por un nuevo aniversario de la Revoluci\u00f3n de Mayo"},"content":{"rendered":"\n<p>El gobernador Gustavo Vald\u00e9s presidir\u00e1 este domingo los actos programados\u00a0 con motivo del \u00a0215 \u00ba aniversario de la Revoluci\u00f3n de Mayo, en la ciudad de Corrientes.<\/p>\n\n\n\n<p><\/p>\n\n\n\n<p>En este marco, a las 8 se llevar\u00e1 adelante el Toque de Diana en la residencia del mandatario, junto a ministros del poder Ejecutivo.<\/p>\n\n\n\n<p>Luego, las autoridades se dirigir\u00e1n hacia la plaza 25 de Mayo, donde, a las 8.30, participar\u00e1n del izamiento del Pabell\u00f3n nacional. A las 8,45, en el mismo espacio, se llevar\u00e1 adelante la colocaci\u00f3n de ofrendas florales al pie del monumento al General San Mart\u00edn.<\/p>\n\n\n\n<p>Posteriormente, se realizar\u00e1 el tradicional saludo protocolar por parte del mismo titular del Ejecutivo en Casa de Gobierno, a las 9, antes de su presencia &nbsp;en la Parroquia \u201cNuestra Se\u00f1ora de la Merced\u201d, a las 9.30, para la celebraci\u00f3n del solemne Tedeum.<\/p>\n\n\n\n<p>Finalmente, Vald\u00e9s encabezar\u00e1 el desfile c\u00edvico- militar, programado sobre avenida Costanera sur, desde las 10.15, cerrando la jornada matinal de festejos patrios.<\/p>\n","protected":false},"excerpt":{"rendered":"<p>El gobernador Gustavo Vald\u00e9s presidir\u00e1 este domingo los actos programados\u00a0 con motivo del \u00a0215 \u00ba aniversario de la Revoluci\u00f3n de Mayo, en la ciudad de Corrientes. En este marco, a&hellip; <\/p>\n","protected":false},"author":1,"featured_media":209189,"comment_status":"closed","ping_status":"open","sticky":false,"template":"","format":"standard","meta":{"footnotes":""},"categories":[1208],"tags":[],"class_list":["post-209180","post","type-post","status-publish","format-standard","has-post-thumbnail","hentry","category-eventossociedad"],"_links":{"self":[{"href":"https:\/\/corrientesdetarde.com\/index.php\/wp-json\/wp\/v2\/posts\/209180","targetHints":{"allow":["GET"]}}],"collection":[{"href":"https:\/\/corrientesdetarde.com\/index.php\/wp-json\/wp\/v2\/posts"}],"about":[{"href":"https:\/\/corrientesdetarde.com\/index.php\/wp-json\/wp\/v2\/types\/post"}],"author":[{"embeddable":true,"href":"https:\/\/corrientesdetarde.com\/index.php\/wp-json\/wp\/v2\/users\/1"}],"replies":[{"embeddable":true,"href":"https:\/\/corrientesdetarde.com\/index.php\/wp-json\/wp\/v2\/comments?post=209180"}],"version-history":[{"count":1,"href":"https:\/\/corrientesdetarde.com\/index.php\/wp-json\/wp\/v2\/posts\/209180\/revisions"}],"predecessor-version":[{"id":209190,"href":"https:\/\/corrientesdetarde.com\/index.php\/wp-json\/wp\/v2\/posts\/209180\/revisions\/209190"}],"wp:featuredmedia":[{"embeddable":true,"href":"https:\/\/corrientesdetarde.com\/index.php\/wp-json\/wp\/v2\/media\/209189"}],"wp:attachment":[{"href":"https:\/\/corrientesdetarde.com\/index.php\/wp-json\/wp\/v2\/media?parent=209180"}],"wp:term":[{"taxonomy":"category","embeddable":true,"href":"https:\/\/corrientesdetarde.com\/index.php\/wp-json\/wp\/v2\/categories?post=209180"},{"taxonomy":"post_tag","embeddable":true,"href":"https:\/\/corrientesdetarde.com\/index.php\/wp-json\/wp\/v2\/tags?post=209180"}],"curies":[{"name":"wp","href":"https:\/\/api.w.org\/{rel}","templated":true}]}}